{"id":1771,"date":"2012-04-23T13:10:56","date_gmt":"2012-04-23T11:10:56","guid":{"rendered":"http:\/\/comunicacion.umh.es\/2012\/04\/23\/la-umh-organiza-una-mesa-redonda-sobre-innovacion-en-los-medios-de-comunicacion-en-el-club-informacion\/"},"modified":"2012-04-23T13:28:57","modified_gmt":"2012-04-23T11:28:57","slug":"la-umh-organiza-una-mesa-redonda-sobre-innovacion-en-los-medios-de-comunicacion-en-el-club-informacion","status":"publish","type":"post","link":"https:\/\/comunicacion.umh.es\/ca\/2012\/04\/23\/la-umh-organiza-una-mesa-redonda-sobre-innovacion-en-los-medios-de-comunicacion-en-el-club-informacion\/","title":{"rendered":"<span lang=\"es\">(Espa\u00f1ol) La UMH organiza una mesa redonda sobre innovaci\u00f3n en los medios de comunicaci\u00f3n en el Club Informaci\u00f3n<\/span>"},"content":{"rendered":"<p><\/p>\n<p><p><!--more--><\/p>\n<\/p>\n<p><\/p>","protected":false},"excerpt":{"rendered":"","protected":false},"author":1772,"featured_media":0,"comment_status":"closed","ping_status":"open","sticky":false,"template":"","format":"standard","meta":{"ngg_post_thumbnail":0,"_links_to":"","_links_to_target":""},"categories":[69,2790,43,2778],"tags":[],"_links":{"self":[{"href":"https:\/\/comunicacion.umh.es\/ca\/wp-json\/wp\/v2\/posts\/1771"}],"collection":[{"href":"https:\/\/comunicacion.umh.es\/ca\/wp-json\/wp\/v2\/posts"}],"about":[{"href":"https:\/\/comunicacion.umh.es\/ca\/wp-json\/wp\/v2\/types\/post"}],"author":[{"embeddable":true,"href":"https:\/\/comunicacion.umh.es\/ca\/wp-json\/wp\/v2\/users\/1772"}],"replies":[{"embeddable":true,"href":"https:\/\/comunicacion.umh.es\/ca\/wp-json\/wp\/v2\/comments?post=1771"}],"version-history":[{"count":0,"href":"https:\/\/comunicacion.umh.es\/ca\/wp-json\/wp\/v2\/posts\/1771\/revisions"}],"wp:attachment":[{"href":"https:\/\/comunicacion.umh.es\/ca\/wp-json\/wp\/v2\/media?parent=1771"}],"wp:term":[{"taxonomy":"category","embeddable":true,"href":"https:\/\/comunicacion.umh.es\/ca\/wp-json\/wp\/v2\/categories?post=1771"},{"taxonomy":"post_tag","embeddable":true,"href":"https:\/\/comunicacion.umh.es\/ca\/wp-json\/wp\/v2\/tags?post=1771"}],"curies":[{"name":"wp","href":"https:\/\/api.w.org\/{rel}","templated":true}]}}