{"id":177161,"date":"2024-07-10T10:55:00","date_gmt":"2024-07-10T08:55:00","guid":{"rendered":"https:\/\/comunicacion.umh.es\/?p=177161"},"modified":"2024-07-10T12:52:50","modified_gmt":"2024-07-10T10:52:50","slug":"primera-toma-de-contacto-entre-la-umh-y-la-universidad-de-comunicacion-de-zhejiang-china-para-futuros-proyectos-de-intercambio-y-cooperacion","status":"publish","type":"post","link":"https:\/\/comunicacion.umh.es\/ca\/2024\/07\/10\/primera-toma-de-contacto-entre-la-umh-y-la-universidad-de-comunicacion-de-zhejiang-china-para-futuros-proyectos-de-intercambio-y-cooperacion\/","title":{"rendered":"<span lang=\"es\">(Espa\u00f1ol) Primera toma de contacto entre la UMH y la Universidad de Comunicaci\u00f3n de Zhejiang (China) para futuros proyectos de intercambio y cooperaci\u00f3n<\/span>"},"content":{"rendered":"<p class=\"qtranxs-available-languages-message qtranxs-available-languages-message-ca\">Ho sent, per\u00f2 aquesta entrada nom\u00e9s est\u00e0 disponible en <a href=\"https:\/\/comunicacion.umh.es\/es\/wp-json\/wp\/v2\/posts\/177161\" class=\"qtranxs-available-language-link qtranxs-available-language-link-es\" title=\"Espa\u00f1ol\">Espanyol Europeu<\/a>.<\/p>","protected":false},"excerpt":{"rendered":"<p>Ho sent, per\u00f2 aquesta entrada nom\u00e9s est\u00e0 disponible en Espanyol Europeu.<\/p>\n","protected":false},"author":2693,"featured_media":0,"comment_status":"closed","ping_status":"open","sticky":false,"template":"","format":"standard","meta":{"ngg_post_thumbnail":0,"_links_to":"","_links_to_target":""},"categories":[43],"tags":[],"_links":{"self":[{"href":"https:\/\/comunicacion.umh.es\/ca\/wp-json\/wp\/v2\/posts\/177161"}],"collection":[{"href":"https:\/\/comunicacion.umh.es\/ca\/wp-json\/wp\/v2\/posts"}],"about":[{"href":"https:\/\/comunicacion.umh.es\/ca\/wp-json\/wp\/v2\/types\/post"}],"author":[{"embeddable":true,"href":"https:\/\/comunicacion.umh.es\/ca\/wp-json\/wp\/v2\/users\/2693"}],"replies":[{"embeddable":true,"href":"https:\/\/comunicacion.umh.es\/ca\/wp-json\/wp\/v2\/comments?post=177161"}],"version-history":[{"count":0,"href":"https:\/\/comunicacion.umh.es\/ca\/wp-json\/wp\/v2\/posts\/177161\/revisions"}],"wp:attachment":[{"href":"https:\/\/comunicacion.umh.es\/ca\/wp-json\/wp\/v2\/media?parent=177161"}],"wp:term":[{"taxonomy":"category","embeddable":true,"href":"https:\/\/comunicacion.umh.es\/ca\/wp-json\/wp\/v2\/categories?post=177161"},{"taxonomy":"post_tag","embeddable":true,"href":"https:\/\/comunicacion.umh.es\/ca\/wp-json\/wp\/v2\/tags?post=177161"}],"curies":[{"name":"wp","href":"https:\/\/api.w.org\/{rel}","templated":true}]}}