{"id":177321,"date":"2024-07-17T10:24:26","date_gmt":"2024-07-17T08:24:26","guid":{"rendered":"https:\/\/comunicacion.umh.es\/?p=177321"},"modified":"2024-07-17T11:04:54","modified_gmt":"2024-07-17T09:04:54","slug":"estudiantes-de-la-umh-representaran-al-equipo-espanol-en-la-competicion-europea-de-descripcion-y-clasificacion-de-suelos-en-campo","status":"publish","type":"post","link":"https:\/\/comunicacion.umh.es\/ca\/2024\/07\/17\/estudiantes-de-la-umh-representaran-al-equipo-espanol-en-la-competicion-europea-de-descripcion-y-clasificacion-de-suelos-en-campo\/","title":{"rendered":"<span lang=\"es\">(Espa\u00f1ol) Estudiantes de la UMH representar\u00e1n al equipo espa\u00f1ol en la Competici\u00f3n Europea de Descripci\u00f3n y Clasificaci\u00f3n de Suelos en Campo<\/span>"},"content":{"rendered":"<p class=\"qtranxs-available-languages-message qtranxs-available-languages-message-ca\">Ho sent, per\u00f2 aquesta entrada nom\u00e9s est\u00e0 disponible en <a href=\"https:\/\/comunicacion.umh.es\/es\/wp-json\/wp\/v2\/posts\/177321\" class=\"qtranxs-available-language-link qtranxs-available-language-link-es\" title=\"Espa\u00f1ol\">Espanyol Europeu<\/a>.<\/p>","protected":false},"excerpt":{"rendered":"<p>Ho sent, per\u00f2 aquesta entrada nom\u00e9s est\u00e0 disponible en Espanyol Europeu.<\/p>\n","protected":false},"author":2693,"featured_media":0,"comment_status":"closed","ping_status":"open","sticky":false,"template":"","format":"standard","meta":{"ngg_post_thumbnail":0,"_links_to":"","_links_to_target":""},"categories":[43],"tags":[],"_links":{"self":[{"href":"https:\/\/comunicacion.umh.es\/ca\/wp-json\/wp\/v2\/posts\/177321"}],"collection":[{"href":"https:\/\/comunicacion.umh.es\/ca\/wp-json\/wp\/v2\/posts"}],"about":[{"href":"https:\/\/comunicacion.umh.es\/ca\/wp-json\/wp\/v2\/types\/post"}],"author":[{"embeddable":true,"href":"https:\/\/comunicacion.umh.es\/ca\/wp-json\/wp\/v2\/users\/2693"}],"replies":[{"embeddable":true,"href":"https:\/\/comunicacion.umh.es\/ca\/wp-json\/wp\/v2\/comments?post=177321"}],"version-history":[{"count":0,"href":"https:\/\/comunicacion.umh.es\/ca\/wp-json\/wp\/v2\/posts\/177321\/revisions"}],"wp:attachment":[{"href":"https:\/\/comunicacion.umh.es\/ca\/wp-json\/wp\/v2\/media?parent=177321"}],"wp:term":[{"taxonomy":"category","embeddable":true,"href":"https:\/\/comunicacion.umh.es\/ca\/wp-json\/wp\/v2\/categories?post=177321"},{"taxonomy":"post_tag","embeddable":true,"href":"https:\/\/comunicacion.umh.es\/ca\/wp-json\/wp\/v2\/tags?post=177321"}],"curies":[{"name":"wp","href":"https:\/\/api.w.org\/{rel}","templated":true}]}}