{"id":178353,"date":"2024-09-26T09:08:31","date_gmt":"2024-09-26T07:08:31","guid":{"rendered":"https:\/\/comunicacion.umh.es\/?p=178353"},"modified":"2024-09-26T10:14:16","modified_gmt":"2024-09-26T08:14:16","slug":"la-compania-darcp-del-pcumh-pone-en-marcha-un-estudio-para-testear-la-usabilidad-de-su-dispositivo-portatil-de-rcp-y-atencion-al-trauma","status":"publish","type":"post","link":"https:\/\/comunicacion.umh.es\/ca\/2024\/09\/26\/la-compania-darcp-del-pcumh-pone-en-marcha-un-estudio-para-testear-la-usabilidad-de-su-dispositivo-portatil-de-rcp-y-atencion-al-trauma\/","title":{"rendered":"<span lang=\"es\">(Espa\u00f1ol) La compa\u00f1\u00eda DARCP del PCUMH pone en marcha un estudio para testear la usabilidad de su dispositivo port\u00e1til de RCP y atenci\u00f3n al trauma<\/span>"},"content":{"rendered":"<p class=\"qtranxs-available-languages-message qtranxs-available-languages-message-ca\">Ho sent, per\u00f2 aquesta entrada nom\u00e9s est\u00e0 disponible en <a href=\"https:\/\/comunicacion.umh.es\/es\/wp-json\/wp\/v2\/posts\/178353\" class=\"qtranxs-available-language-link qtranxs-available-language-link-es\" title=\"Espa\u00f1ol\">Espanyol Europeu<\/a>.<\/p>","protected":false},"excerpt":{"rendered":"<p>Ho sent, per\u00f2 aquesta entrada nom\u00e9s est\u00e0 disponible en Espanyol Europeu.<\/p>\n","protected":false},"author":18333,"featured_media":0,"comment_status":"closed","ping_status":"open","sticky":false,"template":"","format":"standard","meta":{"ngg_post_thumbnail":0,"_links_to":"","_links_to_target":""},"categories":[43],"tags":[],"_links":{"self":[{"href":"https:\/\/comunicacion.umh.es\/ca\/wp-json\/wp\/v2\/posts\/178353"}],"collection":[{"href":"https:\/\/comunicacion.umh.es\/ca\/wp-json\/wp\/v2\/posts"}],"about":[{"href":"https:\/\/comunicacion.umh.es\/ca\/wp-json\/wp\/v2\/types\/post"}],"author":[{"embeddable":true,"href":"https:\/\/comunicacion.umh.es\/ca\/wp-json\/wp\/v2\/users\/18333"}],"replies":[{"embeddable":true,"href":"https:\/\/comunicacion.umh.es\/ca\/wp-json\/wp\/v2\/comments?post=178353"}],"version-history":[{"count":0,"href":"https:\/\/comunicacion.umh.es\/ca\/wp-json\/wp\/v2\/posts\/178353\/revisions"}],"wp:attachment":[{"href":"https:\/\/comunicacion.umh.es\/ca\/wp-json\/wp\/v2\/media?parent=178353"}],"wp:term":[{"taxonomy":"category","embeddable":true,"href":"https:\/\/comunicacion.umh.es\/ca\/wp-json\/wp\/v2\/categories?post=178353"},{"taxonomy":"post_tag","embeddable":true,"href":"https:\/\/comunicacion.umh.es\/ca\/wp-json\/wp\/v2\/tags?post=178353"}],"curies":[{"name":"wp","href":"https:\/\/api.w.org\/{rel}","templated":true}]}}