{"id":186386,"date":"2025-06-05T12:46:58","date_gmt":"2025-06-05T10:46:58","guid":{"rendered":"https:\/\/comunicacion.umh.es\/?p=186386"},"modified":"2025-06-05T12:49:41","modified_gmt":"2025-06-05T10:49:41","slug":"presentacion-de-una-investigacion-sobre-la-soledad-en-contextos-sanitarios-en-el-xxxv-congreso-internacional-de-geriatria-y-gerontologia","status":"publish","type":"post","link":"https:\/\/comunicacion.umh.es\/ca\/2025\/06\/05\/presentacion-de-una-investigacion-sobre-la-soledad-en-contextos-sanitarios-en-el-xxxv-congreso-internacional-de-geriatria-y-gerontologia\/","title":{"rendered":"<span lang=\"es\">(Espa\u00f1ol) Presentaci\u00f3n de una investigaci\u00f3n sobre la soledad en contextos sanitarios en el XXXV Congreso Internacional de Geriatr\u00eda y Gerontolog\u00eda<\/span>"},"content":{"rendered":"<p class=\"qtranxs-available-languages-message qtranxs-available-languages-message-ca\">Ho sent, per\u00f2 aquesta entrada nom\u00e9s est\u00e0 disponible en <a href=\"https:\/\/comunicacion.umh.es\/es\/wp-json\/wp\/v2\/posts\/186386\" class=\"qtranxs-available-language-link qtranxs-available-language-link-es\" title=\"Espa\u00f1ol\">Espanyol Europeu<\/a>.<\/p>","protected":false},"excerpt":{"rendered":"<p>Ho sent, per\u00f2 aquesta entrada nom\u00e9s est\u00e0 disponible en Espanyol Europeu.<\/p>\n","protected":false},"author":2693,"featured_media":0,"comment_status":"closed","ping_status":"open","sticky":false,"template":"","format":"standard","meta":{"ngg_post_thumbnail":0,"_links_to":"","_links_to_target":""},"categories":[43,1],"tags":[],"_links":{"self":[{"href":"https:\/\/comunicacion.umh.es\/ca\/wp-json\/wp\/v2\/posts\/186386"}],"collection":[{"href":"https:\/\/comunicacion.umh.es\/ca\/wp-json\/wp\/v2\/posts"}],"about":[{"href":"https:\/\/comunicacion.umh.es\/ca\/wp-json\/wp\/v2\/types\/post"}],"author":[{"embeddable":true,"href":"https:\/\/comunicacion.umh.es\/ca\/wp-json\/wp\/v2\/users\/2693"}],"replies":[{"embeddable":true,"href":"https:\/\/comunicacion.umh.es\/ca\/wp-json\/wp\/v2\/comments?post=186386"}],"version-history":[{"count":0,"href":"https:\/\/comunicacion.umh.es\/ca\/wp-json\/wp\/v2\/posts\/186386\/revisions"}],"wp:attachment":[{"href":"https:\/\/comunicacion.umh.es\/ca\/wp-json\/wp\/v2\/media?parent=186386"}],"wp:term":[{"taxonomy":"category","embeddable":true,"href":"https:\/\/comunicacion.umh.es\/ca\/wp-json\/wp\/v2\/categories?post=186386"},{"taxonomy":"post_tag","embeddable":true,"href":"https:\/\/comunicacion.umh.es\/ca\/wp-json\/wp\/v2\/tags?post=186386"}],"curies":[{"name":"wp","href":"https:\/\/api.w.org\/{rel}","templated":true}]}}