{"id":190279,"date":"2025-11-04T10:23:26","date_gmt":"2025-11-04T09:23:26","guid":{"rendered":"https:\/\/comunicacion.umh.es\/?p=190279"},"modified":"2025-11-04T13:29:47","modified_gmt":"2025-11-04T12:29:47","slug":"estudiantado-acude-a-un-pleno-del-ayuntamiento-de-orihuela","status":"publish","type":"post","link":"https:\/\/comunicacion.umh.es\/ca\/2025\/11\/04\/estudiantado-acude-a-un-pleno-del-ayuntamiento-de-orihuela\/","title":{"rendered":"Estudiantat acudeix a un ple de l\u2019Ajuntament d\u2019Orihuela"},"content":{"rendered":"<p><\/p>\n<p style=\"text-align: justify\"><span style=\"font-weight: 400\">Un grup d\u2019estudiants de la Facultat de Ci\u00e8ncies Socials i Jur\u00eddiques d\u2019Orihuela de la Universitat Miguel Hern\u00e1ndez d\u2019Elx (UMH) ha acudit a un ple de l\u2019ajuntament de la localitat, dins del marc del projecte PIEU UMH 2025 Els governs locals en la pr\u00e0ctica: un enfocament experiencial del funcionament municipal (Anatomia dels governs locals 2.0). L\u2019activitat ha sigut organitzada pel vicedeg\u00e0 del grau en Ci\u00e8ncies Pol\u00edtiques i Gesti\u00f3 P\u00fablica, Francisco Sanju\u00e1n, i la professora de Ci\u00e8ncia Pol\u00edtica i de l\u2019Administraci\u00f3 de la UMH, Irene Belmonte.<\/span><span style=\"font-weight: 400\"><br \/>\n<\/span><!--more--><\/p>\n<p style=\"text-align: justify\"><a href=\"https:\/\/comunicacion.umh.es\/files\/2025\/11\/04-11-25-visita-pleno-ayto-orihuela-1-scaled.jpg\"><img loading=\"lazy\" class=\"size-medium wp-image-190282 alignleft\" src=\"https:\/\/comunicacion.umh.es\/files\/2025\/11\/04-11-25-visita-pleno-ayto-orihuela-1-300x225.jpg\" alt=\"\" width=\"300\" height=\"225\" srcset=\"https:\/\/comunicacion.umh.es\/files\/2025\/11\/04-11-25-visita-pleno-ayto-orihuela-1-300x225.jpg 300w, https:\/\/comunicacion.umh.es\/files\/2025\/11\/04-11-25-visita-pleno-ayto-orihuela-1-1024x768.jpg 1024w, https:\/\/comunicacion.umh.es\/files\/2025\/11\/04-11-25-visita-pleno-ayto-orihuela-1-768x576.jpg 768w, https:\/\/comunicacion.umh.es\/files\/2025\/11\/04-11-25-visita-pleno-ayto-orihuela-1-1536x1152.jpg 1536w, https:\/\/comunicacion.umh.es\/files\/2025\/11\/04-11-25-visita-pleno-ayto-orihuela-1-2048x1536.jpg 2048w\" sizes=\"(max-width: 300px) 100vw, 300px\" \/><\/a><span style=\"font-weight: 400\">En concret, al Ple ha assistit estudiantat del grau en Ci\u00e8ncies Pol\u00edtiques i Gesti\u00f3 P\u00fablica, del doble grau en Ci\u00e8ncies Pol\u00edtiques i Gesti\u00f3 P\u00fablica i Dret, i del doble grau en Ci\u00e8ncies Pol\u00edtiques i Gesti\u00f3 P\u00fablica i ADE. En el context d\u2019aquest projecte docent, l\u2019alumnat, a m\u00e9s de comprovar les din\u00e0miques de compet\u00e8ncia i col\u00b7laboraci\u00f3 dels partits pol\u00edtics i grups municipals de l\u2019Ajuntament en qu\u00e8 se situa el seu grau, ha tingut acc\u00e9s a una sessi\u00f3 formativa pr\u00e8via en la qual s\u2019han tractat, entre altres temes, el paper dels plens com a \u00f2rgan de govern col\u00b7legiat dels municipis.<\/span><\/p>\n<p style=\"text-align: justify\"><span style=\"font-weight: 400\">Aquesta formaci\u00f3 experiencial i pr\u00e0ctica ha sigut impartida per Virgilio Estremera, secretari de l\u2019Ajuntament d\u2019Orihuela i per Enrique Montero, alumni UMH, polit\u00f2leg i regidor de l\u2019Ajuntament d\u2019Orihuela. En el marc d\u2019aquest projecte PIEU d\u2019Anatomia dels governs locals, estan previstes m\u00e9s activitats formatives perqu\u00e8 l\u2019estudiantat dels graus en Ci\u00e8ncies Pol\u00edtiques i Gesti\u00f3 P\u00fablica s\u2019acoste al coneixement del funcionament dels governs locals a partir del seu personal, ja siga t\u00e8cnic o pol\u00edtic.<\/span><\/p>\n<p><\/p>","protected":false},"excerpt":{"rendered":"<p>Un grup d\u2019estudiants de la Facultat de Ci\u00e8ncies Socials i Jur\u00eddiques d\u2019Orihuela de la Universitat Miguel Hern\u00e1ndez d\u2019Elx (UMH) ha acudit a un ple de l\u2019ajuntament de la localitat, dins del marc del projecte PIEU UMH 2025 Els governs locals en la pr\u00e0ctica: un enfocament experiencial del funcionament municipal (Anatomia dels governs locals 2.0). L\u2019activitat [&#8230;]<\/p>\n","protected":false},"author":32202,"featured_media":0,"comment_status":"closed","ping_status":"open","sticky":false,"template":"","format":"standard","meta":{"ngg_post_thumbnail":0,"_links_to":"","_links_to_target":""},"categories":[43],"tags":[],"_links":{"self":[{"href":"https:\/\/comunicacion.umh.es\/ca\/wp-json\/wp\/v2\/posts\/190279"}],"collection":[{"href":"https:\/\/comunicacion.umh.es\/ca\/wp-json\/wp\/v2\/posts"}],"about":[{"href":"https:\/\/comunicacion.umh.es\/ca\/wp-json\/wp\/v2\/types\/post"}],"author":[{"embeddable":true,"href":"https:\/\/comunicacion.umh.es\/ca\/wp-json\/wp\/v2\/users\/32202"}],"replies":[{"embeddable":true,"href":"https:\/\/comunicacion.umh.es\/ca\/wp-json\/wp\/v2\/comments?post=190279"}],"version-history":[{"count":0,"href":"https:\/\/comunicacion.umh.es\/ca\/wp-json\/wp\/v2\/posts\/190279\/revisions"}],"wp:attachment":[{"href":"https:\/\/comunicacion.umh.es\/ca\/wp-json\/wp\/v2\/media?parent=190279"}],"wp:term":[{"taxonomy":"category","embeddable":true,"href":"https:\/\/comunicacion.umh.es\/ca\/wp-json\/wp\/v2\/categories?post=190279"},{"taxonomy":"post_tag","embeddable":true,"href":"https:\/\/comunicacion.umh.es\/ca\/wp-json\/wp\/v2\/tags?post=190279"}],"curies":[{"name":"wp","href":"https:\/\/api.w.org\/{rel}","templated":true}]}}