{"id":190292,"date":"2025-11-05T10:19:03","date_gmt":"2025-11-05T09:19:03","guid":{"rendered":"https:\/\/comunicacion.umh.es\/?p=190292"},"modified":"2025-11-05T10:48:12","modified_gmt":"2025-11-05T09:48:12","slug":"estudiantado-del-grado-en-bellas-artes-participa-en-brasil-en-el-festival-internacional-zonas-de-compensacao-11","status":"publish","type":"post","link":"https:\/\/comunicacion.umh.es\/ca\/2025\/11\/05\/estudiantado-del-grado-en-bellas-artes-participa-en-brasil-en-el-festival-internacional-zonas-de-compensacao-11\/","title":{"rendered":"Estudiantat del Grau en Belles Arts participa en el Brasil en el Festival Internacional Zonas de Compensa\u00e7\u00e3o 11"},"content":{"rendered":"<p><\/p>\n<p style=\"text-align: justify\">Un grup d\u2019estudiants del grau en Belles Arts de la Universitat Miguel Hern\u00e1ndez d\u2019Elx (UMH) ha participat en el Festival Internacional Zonas de Compensa\u00e7\u00e3o 11: Vetores de Imers\u00e3o e atalhos per a mundos imagin\u00e1rios, organitzat per la Universidade Estadual Paulista (UNESP) a Sao Paulo (el Brasil). La participaci\u00f3 de l\u2019estudiantat s\u2019ha integrat en l\u2019exposici\u00f3 col\u00b7lectiva del Festival, que ha reunit artistes, investigadors i col\u00b7lectius internacionals.<br \/>\n<!--more--><a href=\"https:\/\/comunicacion.umh.es\/files\/2025\/11\/Tumba_de_gigantes_Angel-Valdegrama-NOT.jpg\"><img loading=\"lazy\" class=\"size-medium wp-image-190304 alignleft\" src=\"https:\/\/comunicacion.umh.es\/files\/2025\/11\/Tumba_de_gigantes_Angel-Valdegrama-NOT-300x225.jpg\" alt=\"\" width=\"300\" height=\"225\" srcset=\"https:\/\/comunicacion.umh.es\/files\/2025\/11\/Tumba_de_gigantes_Angel-Valdegrama-NOT-300x225.jpg 300w, https:\/\/comunicacion.umh.es\/files\/2025\/11\/Tumba_de_gigantes_Angel-Valdegrama-NOT-1024x768.jpg 1024w, https:\/\/comunicacion.umh.es\/files\/2025\/11\/Tumba_de_gigantes_Angel-Valdegrama-NOT-768x576.jpg 768w, https:\/\/comunicacion.umh.es\/files\/2025\/11\/Tumba_de_gigantes_Angel-Valdegrama-NOT.jpg 1200w\" sizes=\"(max-width: 300px) 100vw, 300px\" \/><\/a>En concret, els estudiants de la UMH han presentat obres que exploren les construccions com a eines poderoses per a analitzar i subvertir la realitat, i que obrin camins cap a noves perspectives sobre la condici\u00f3 humana i la complexitat de l\u2019univers.<\/p>\n<p style=\"text-align: justify\">Com a part del registre de l\u2019esdeveniment, les obres es poden visitar en format immersiu i digital, accessible des de dispositius m\u00f2bils a trav\u00e9s d\u2019aquest enlla\u00e7: Galeria VR \u2013 Vetores de Imers\u00e3o: <a href=\"https:\/\/rodrigorez.github.io\/zonas11\/galerias\/galeria-vr.html?_gl=1*zvnapy*_ga*MTYyMjQzNzkxNi4xNzYxMTQ1NTI0*_ga_HSBGM1MH5N*czE3NjExNDU1MjMkbzEkZzEkdDE3NjExNDU1MzAkajUzJGwwJGgw\">https:\/\/rodrigorez.github.io\/zonas11\/galerias\/galeria-vr.html?_gl=1*zvnapy*_ga*MTYyMjQzNzkxNi4xNzYxMTQ1NTI0*_ga_HSBGM1MH5N*czE3NjExNDU1MjMkbzEkZzEkdDE3NjExNDU1MzAkajUzJGwwJGgw<\/a><\/p>\n<p style=\"text-align: justify\">El Festival forma part d\u2019una xarxa de col\u00b7laboraci\u00f3 acad\u00e8mica i art\u00edstica internacional, impulsada pel Programa de <a href=\"https:\/\/comunicacion.umh.es\/files\/2025\/11\/La-Hora-de-la-Luz_Sheila-Lledo-NOT.jpg\"><img loading=\"lazy\" class=\"size-medium wp-image-190307 alignleft\" src=\"https:\/\/comunicacion.umh.es\/files\/2025\/11\/La-Hora-de-la-Luz_Sheila-Lledo-NOT-300x225.jpg\" alt=\"\" width=\"300\" height=\"225\" srcset=\"https:\/\/comunicacion.umh.es\/files\/2025\/11\/La-Hora-de-la-Luz_Sheila-Lledo-NOT-300x225.jpg 300w, https:\/\/comunicacion.umh.es\/files\/2025\/11\/La-Hora-de-la-Luz_Sheila-Lledo-NOT-1024x768.jpg 1024w, https:\/\/comunicacion.umh.es\/files\/2025\/11\/La-Hora-de-la-Luz_Sheila-Lledo-NOT-768x576.jpg 768w, https:\/\/comunicacion.umh.es\/files\/2025\/11\/La-Hora-de-la-Luz_Sheila-Lledo-NOT.jpg 1200w\" sizes=\"(max-width: 300px) 100vw, 300px\" \/><\/a>P\u00f3s-Gradua\u00e7\u00e3o em Artes da UNESP, secundada per professorat de la UMH i comissariada per la professora de la Facultat de Belles Arts de la UMH Elia Torrecilla. Aquesta col\u00b7laboraci\u00f3 \u00e9s resultat d\u2019un conveni d\u2019internacionalitzaci\u00f3 subscrit entre totes dues institucions (AIEFI 2024). Programa del Festival: <a href=\"https:\/\/sites.google.com\/view\/zonas11\/galeria?authuser=0\">https:\/\/sites.google.com\/view\/zonas11\/galeria?authuser=0<\/a><br \/>\nObres participants: <em>Lo que no quise llorar<\/em>, Luis Hurtado; <em>Tumba de gigante<\/em>, \u00c1ngel Valdegrama; <em>Postales desde un planeta desconocido<\/em>, Jos\u00e9 Manuel Munilla; <em>Cris\u00e1lida<\/em>, Natalia Andrada Lazar (coautores: L\u00faa Ram\u00e9 Silvestre, Idoia S\u00e1nchez Vicent); <em>Just a bad dream<\/em>, Juan Miguel Aliaga, i <em>La hora de la luz<\/em>, Sheila Lled\u00f3.<\/p>\n<p><a href=\"https:\/\/comunicacion.umh.es\/files\/2025\/11\/amanece-con-niebla-en-Trantor_JMMunilla-NOT.jpg\"><img loading=\"lazy\" class=\"alignnone size-medium wp-image-190310\" src=\"https:\/\/comunicacion.umh.es\/files\/2025\/11\/amanece-con-niebla-en-Trantor_JMMunilla-NOT-300x225.jpg\" alt=\"\" width=\"300\" height=\"225\" srcset=\"https:\/\/comunicacion.umh.es\/files\/2025\/11\/amanece-con-niebla-en-Trantor_JMMunilla-NOT-300x225.jpg 300w, https:\/\/comunicacion.umh.es\/files\/2025\/11\/amanece-con-niebla-en-Trantor_JMMunilla-NOT-1024x768.jpg 1024w, https:\/\/comunicacion.umh.es\/files\/2025\/11\/amanece-con-niebla-en-Trantor_JMMunilla-NOT-768x576.jpg 768w, https:\/\/comunicacion.umh.es\/files\/2025\/11\/amanece-con-niebla-en-Trantor_JMMunilla-NOT.jpg 1200w\" sizes=\"(max-width: 300px) 100vw, 300px\" \/><\/a><\/p>","protected":false},"excerpt":{"rendered":"<p>Un grup d\u2019estudiants del grau en Belles Arts de la Universitat Miguel Hern\u00e1ndez d\u2019Elx (UMH) ha participat en el Festival Internacional Zonas de Compensa\u00e7\u00e3o 11: Vetores de Imers\u00e3o e atalhos per a mundos imagin\u00e1rios, organitzat per la Universidade Estadual Paulista (UNESP) a Sao Paulo (el Brasil). La participaci\u00f3 de l\u2019estudiantat s\u2019ha integrat en l\u2019exposici\u00f3 col\u00b7lectiva [&#8230;]<\/p>\n","protected":false},"author":32202,"featured_media":0,"comment_status":"closed","ping_status":"open","sticky":false,"template":"","format":"standard","meta":{"ngg_post_thumbnail":0,"_links_to":"","_links_to_target":""},"categories":[43],"tags":[],"_links":{"self":[{"href":"https:\/\/comunicacion.umh.es\/ca\/wp-json\/wp\/v2\/posts\/190292"}],"collection":[{"href":"https:\/\/comunicacion.umh.es\/ca\/wp-json\/wp\/v2\/posts"}],"about":[{"href":"https:\/\/comunicacion.umh.es\/ca\/wp-json\/wp\/v2\/types\/post"}],"author":[{"embeddable":true,"href":"https:\/\/comunicacion.umh.es\/ca\/wp-json\/wp\/v2\/users\/32202"}],"replies":[{"embeddable":true,"href":"https:\/\/comunicacion.umh.es\/ca\/wp-json\/wp\/v2\/comments?post=190292"}],"version-history":[{"count":0,"href":"https:\/\/comunicacion.umh.es\/ca\/wp-json\/wp\/v2\/posts\/190292\/revisions"}],"wp:attachment":[{"href":"https:\/\/comunicacion.umh.es\/ca\/wp-json\/wp\/v2\/media?parent=190292"}],"wp:term":[{"taxonomy":"category","embeddable":true,"href":"https:\/\/comunicacion.umh.es\/ca\/wp-json\/wp\/v2\/categories?post=190292"},{"taxonomy":"post_tag","embeddable":true,"href":"https:\/\/comunicacion.umh.es\/ca\/wp-json\/wp\/v2\/tags?post=190292"}],"curies":[{"name":"wp","href":"https:\/\/api.w.org\/{rel}","templated":true}]}}