{"id":190298,"date":"2025-11-05T10:21:23","date_gmt":"2025-11-05T09:21:23","guid":{"rendered":"https:\/\/comunicacion.umh.es\/?p=190298"},"modified":"2025-11-06T09:14:34","modified_gmt":"2025-11-06T08:14:34","slug":"entrega-de-los-premios-francisco-carreno-2025-de-la-catedra-de-accesibilidad-y-entorno-inclusivo","status":"publish","type":"post","link":"https:\/\/comunicacion.umh.es\/ca\/2025\/11\/05\/entrega-de-los-premios-francisco-carreno-2025-de-la-catedra-de-accesibilidad-y-entorno-inclusivo\/","title":{"rendered":"Lliurament dels Premis Francisco Carre\u00f1o 2025 de la C\u00e0tedra d\u2019Accessibilitat i Entorn Inclusiu"},"content":{"rendered":"<p><\/p>\n<p style=\"text-align: justify\">La C\u00e0tedra d\u2019Accessibilitat i Entorn Inclusiu Francisco Carre\u00f1o Castilla de la Universitat Miguel Hern\u00e1ndez d\u2019Elx (UMH), en col\u00b7laboraci\u00f3 amb la Fundaci\u00f3 Asisa, ha celebrat el lliurament dels XI Premis Francisco Carre\u00f1o. L\u2019acte s\u2019ha celebrat a l\u2019Aula Pla\u00e7a de Baix de la UMH i ha estat presidit per la directora de la Fundaci\u00f3 Asisa, Mar\u00eda Tormo; i el delegat del rector de Campus Saludables i Esports i codirector de la C\u00e0tedra, Ra\u00fal Reina. Aquests guardons i distincions reconeixen persones i entitats per la seua labor en la promoci\u00f3 de la inclusi\u00f3 i l\u2019eliminaci\u00f3 de barreres per a persones amb discapacitat i\/o en risc d\u2019exclusi\u00f3 social.<!--more--><\/p>\n<p style=\"text-align: justify\"><a href=\"https:\/\/comunicacion.umh.es\/files\/2025\/11\/05-11-25-premios-francisco-carreno.jpg\"><img loading=\"lazy\" class=\"size-medium wp-image-190301 alignleft\" src=\"https:\/\/comunicacion.umh.es\/files\/2025\/11\/05-11-25-premios-francisco-carreno-300x225.jpg\" alt=\"\" width=\"300\" height=\"225\" srcset=\"https:\/\/comunicacion.umh.es\/files\/2025\/11\/05-11-25-premios-francisco-carreno-300x225.jpg 300w, https:\/\/comunicacion.umh.es\/files\/2025\/11\/05-11-25-premios-francisco-carreno.jpg 567w\" sizes=\"(max-width: 300px) 100vw, 300px\" \/><\/a>L\u2019acte ha comptat amb l\u2019assist\u00e8ncia d\u2019entitats com COCEMFE, Sin L\u00edmites Elche, ONCE, Associaci\u00f3 d\u2019Esclerosi M\u00faltiple d\u2019Elx i Comarca (AEMEC), Lanzaderas esportiva i d\u2019ocupaci\u00f3, aix\u00ed com de l\u2019Ajuntament d\u2019Elx.<\/p>\n<p style=\"text-align: justify\">En concret, s\u2019han atorgat les distincions Proinclusi\u00f3 a estudiantat col\u00b7laborador reconegut en el programa de beques propi de la UMH per a la inclusi\u00f3 d\u2019estudiantat amb discapacitat. En aquest sentit, els premiats han sigut&nbsp; Carla Candela Moll\u00e1 del grau en Medicina; Dami\u00e1n Bieco Ivorra, del grau en Comunicaci\u00f3 Audiovisual; Ram\u00f3n Molina Victorio, del grau en Medicina; Ram\u00f3n Riquelme Berna, del m\u00e0ster en Energia Solar i Renovables; i Leny Yenita Santana Salcedo, del m\u00e0ster en Gesti\u00f3 de Recursos Humans, Treball i Organitzacions. A continuaci\u00f3, la directora de la Unitat d\u2019Igualtat de la UMH, Rosario Carmona, ha entregat la distinci\u00f3 Futur Inclusiu a l\u2019estudiant del m\u00e0ster universitari en Gesti\u00f3 Sanit\u00e0ria Miguel N\u00fa\u00f1ez Huertas.<\/p>\n<p style=\"text-align: justify\">Per la seua part, el Premi Trencant Barreres ha recaigut en el projecte Elx Rugbi Inclusiu, que empra la pr\u00e0ctica d\u2019aquest esport com a mitj\u00e0 d\u2019empoderament i cohesi\u00f3 social de personal amb discapacitat i trastorns del neurodesenvolupament. En aquest sentit, ha configurat un equip que competeix de manera regular en l\u2019\u00e0mbit nacional i que ha impulsat la difusi\u00f3 internacional d\u2019aquest esport; a m\u00e9s de tindre un programa d\u2019iniciaci\u00f3 esportiva per a xiquets i xiquetes amb greu neurodiversitat. El guard\u00f3 l\u2019ha arreplegat Tom\u00e1s Espinosa, impulsor del projecte; Marina Camino, entrenadora, i els jugadors Pascual Tripiana i Jos\u00e9 Mar\u00eda Culia\u00f1ez. El regidor de Medi Ambient i Esports de l\u2019Ajuntament d\u2019Elx, Jos\u00e9 Antonio Rom\u00e1n, ha lliurat aquest reconeixement.<\/p>\n<p style=\"text-align: justify\">El Premi Iniciativa Emprenedora Inclusiva 2025 ha recaigut en el CEIP Canastell de Sant Vicent del Raspeig pel seu model de Programes formatius de qualificaci\u00f3 b\u00e0sica i la seua emprenedoria i col\u00b7laboraci\u00f3 amb entitats com la Lanzadera d\u2019Ocupaci\u00f3. Especialment, s\u2019han reconegut els seus programes de la fam\u00edlia de serveis socioculturals i a la comunitat, concretament en mat\u00e8ria de neteja de superf\u00edcies i mobiliari en edificis i locals; de la fam\u00edlia agr\u00e0ria en activitats auxiliars en vivers, jardins i centres de jardineria, i en la fam\u00edlia d\u2019hostaleria i turisme amb el programa d\u2019operacions b\u00e0siques de c\u00e0terings. El Premi l\u2019ha arreplegat Bel\u00e9n G\u00f3mez Resina, coordinadora de Programes formatius de qualificaci\u00f3 b\u00e0sica adaptats, i Carlos Llorca Jerez, director del centre. El t\u00e8cnic de la Unitat de Mecenatge de la UMH, Agust\u00edn Mingorance, ha entregat el guard\u00f3.<\/p>\n<p style=\"text-align: justify\">L\u2019acte ha finalitzat amb el lliurament del Premi Francisco Carre\u00f1o 2025 a Fide Mir\u00f3n Torrente, activista en pro de les malalties rares i poca incid\u00e8ncia poblacional. La guardonada ha tingut llocs de gesti\u00f3 i direcci\u00f3 en entitats com l\u2019Associaci\u00f3 Espanyola de Porf\u00edria, la Federaci\u00f3 Espanyola de Malalties Rares (FEDER) o COCEMFE Alacant, entre d\u2019altres de car\u00e0cter local. Ha col\u00b7laborat i participat en diverses publicacions tant m\u00e8diques com socials en els \u00e0mbits nacional i internacional, aix\u00ed com en diferents mitjans de comunicaci\u00f3. Aix\u00ed mateix, participa com a divulgadora en el camp de les malalties rares, la discapacitat i en el m\u00f3n associatiu, adre\u00e7ada tant a estudiants, professionals de la salut, associacions i equips de treball que tinguen com a principal tema la motivaci\u00f3 i la inquietud i el desig d\u2019unir esfor\u00e7os a favor d\u2019una major inclusi\u00f3 de les persones amb discapacitat i\/o malalties poc freq\u00fcents. La directora de la Fundaci\u00f3 Asisa, Mar\u00eda Tormo, i el director de la C\u00e0tedra, Antonio Server, han entregat aquest guard\u00f3.<\/p>\n<p><\/p>","protected":false},"excerpt":{"rendered":"<p>La C\u00e0tedra d\u2019Accessibilitat i Entorn Inclusiu Francisco Carre\u00f1o Castilla de la Universitat Miguel Hern\u00e1ndez d\u2019Elx (UMH), en col\u00b7laboraci\u00f3 amb la Fundaci\u00f3 Asisa, ha celebrat el lliurament dels XI Premis Francisco Carre\u00f1o. L\u2019acte s\u2019ha celebrat a l\u2019Aula Pla\u00e7a de Baix de la UMH i ha estat presidit per la directora de la Fundaci\u00f3 Asisa, Mar\u00eda Tormo; [&#8230;]<\/p>\n","protected":false},"author":32202,"featured_media":0,"comment_status":"closed","ping_status":"open","sticky":false,"template":"","format":"standard","meta":{"ngg_post_thumbnail":0,"_links_to":"","_links_to_target":""},"categories":[43],"tags":[],"_links":{"self":[{"href":"https:\/\/comunicacion.umh.es\/ca\/wp-json\/wp\/v2\/posts\/190298"}],"collection":[{"href":"https:\/\/comunicacion.umh.es\/ca\/wp-json\/wp\/v2\/posts"}],"about":[{"href":"https:\/\/comunicacion.umh.es\/ca\/wp-json\/wp\/v2\/types\/post"}],"author":[{"embeddable":true,"href":"https:\/\/comunicacion.umh.es\/ca\/wp-json\/wp\/v2\/users\/32202"}],"replies":[{"embeddable":true,"href":"https:\/\/comunicacion.umh.es\/ca\/wp-json\/wp\/v2\/comments?post=190298"}],"version-history":[{"count":0,"href":"https:\/\/comunicacion.umh.es\/ca\/wp-json\/wp\/v2\/posts\/190298\/revisions"}],"wp:attachment":[{"href":"https:\/\/comunicacion.umh.es\/ca\/wp-json\/wp\/v2\/media?parent=190298"}],"wp:term":[{"taxonomy":"category","embeddable":true,"href":"https:\/\/comunicacion.umh.es\/ca\/wp-json\/wp\/v2\/categories?post=190298"},{"taxonomy":"post_tag","embeddable":true,"href":"https:\/\/comunicacion.umh.es\/ca\/wp-json\/wp\/v2\/tags?post=190298"}],"curies":[{"name":"wp","href":"https:\/\/api.w.org\/{rel}","templated":true}]}}