{"id":190337,"date":"2025-11-06T10:26:16","date_gmt":"2025-11-06T09:26:16","guid":{"rendered":"https:\/\/comunicacion.umh.es\/?p=190337"},"modified":"2025-11-06T10:27:43","modified_gmt":"2025-11-06T09:27:43","slug":"investigadores-ruedan-un-nuevo-episodio-del-proyecto-de-investigacion-audiovisual-hall-of-frame","status":"publish","type":"post","link":"https:\/\/comunicacion.umh.es\/ca\/2025\/11\/06\/investigadores-ruedan-un-nuevo-episodio-del-proyecto-de-investigacion-audiovisual-hall-of-frame\/","title":{"rendered":"Investigadors roden un nou episodi del projecte d\u2019investigaci\u00f3 audiovisual Hall of Frame"},"content":{"rendered":"<p><\/p>\n<p style=\"text-align: justify\">El projecte d\u2019investigaci\u00f3 audiovisual <em>Hall of Frame<\/em>, dirigit pel t\u00e8cnic del Servei d\u2019Innovaci\u00f3 i Planificaci\u00f3 Tecnol\u00f2gica i investigador del Centre d\u2019Investigaci\u00f3 en Arts de la Universitat Miguel Hern\u00e1ndez d\u2019Elx (UMH) Guillermo L\u00f3pez, inicia el rodatge d\u2019un nou episodi centrat en una figura essencial del cinema espanyol i internacional: la dissenyadora de vestuari Sonia Grande. <em>Hall of Frame<\/em> \u00e9s una col\u00b7lecci\u00f3 d\u2019entrevistes documentals que ret homenatge als oficis fonamentals del cinema.<!--more--><\/p>\n<p style=\"text-align: justify\"><a href=\"https:\/\/comunicacion.umh.es\/files\/2025\/11\/06-11-25-rodaje-sonia-grande1-NOTICIA.jpg\"><img loading=\"lazy\" class=\"size-medium wp-image-190340 alignleft\" src=\"https:\/\/comunicacion.umh.es\/files\/2025\/11\/06-11-25-rodaje-sonia-grande1-NOTICIA-300x225.jpg\" alt=\"\" width=\"300\" height=\"225\" srcset=\"https:\/\/comunicacion.umh.es\/files\/2025\/11\/06-11-25-rodaje-sonia-grande1-NOTICIA-300x225.jpg 300w, https:\/\/comunicacion.umh.es\/files\/2025\/11\/06-11-25-rodaje-sonia-grande1-NOTICIA-1024x768.jpg 1024w, https:\/\/comunicacion.umh.es\/files\/2025\/11\/06-11-25-rodaje-sonia-grande1-NOTICIA-768x576.jpg 768w, https:\/\/comunicacion.umh.es\/files\/2025\/11\/06-11-25-rodaje-sonia-grande1-NOTICIA.jpg 1200w\" sizes=\"(max-width: 300px) 100vw, 300px\" \/><\/a>Aquest projecte audiovisual es proposa visibilitzar les i els professionals que, des de diferents \u00e0rees t\u00e8cniques i creatives, fan possible la creaci\u00f3 f\u00edlmica. Cada episodi est\u00e0 dedicat a un ofici i al seu protagonista corresponent, la qual cosa permet a l\u2019espectador endinsar-se en els secrets del cinema, a trav\u00e9s de veus expertes i traject\u00f2ries excepcionals.<\/p>\n<p style=\"text-align: justify\">En aquesta ocasi\u00f3, la protagonista \u00e9s Sonia Grande, una de les dissenyadores de vestuari m\u00e9s reconegudes del panorama cinematogr\u00e0fic. La seua carrera, marcada per l\u2019excel\u00b7l\u00e8ncia i la sensibilitat est\u00e8tica, abasta m\u00e9s de tres d\u00e8cades i una filmografia que inclou t\u00edtols fonamentals del cinema espanyol i internacional com <em>La llengua de les papallones<\/em>, <em>The Others, <\/em><em>Hable con ella<\/em><em>, Mar adentro<\/em><em>, La ni\u00f1a de tus ojos<\/em><em>, Julieta, Midnight in Paris <\/em>o<em> Vicky Cristina Barcelona<\/em>.<br \/>\n&nbsp;Al llarg de la seua traject\u00f2ria, Sonia Grande ha treballat amb directors com Woody Allen, Pedro Almod\u00f3var, Asghar Farhadi, Alejandro Amen\u00e1bar, James Gray, Alejandro Gonz\u00e1lez I\u00f1\u00e1rritu, Luis Puenzo, Nancy Meyers, Roland Jofe\u00e9 i Fernando Trueba. El seu treball combina la precisi\u00f3 hist\u00f2rica i la intu\u00efci\u00f3 emocional i fa del vestuari una eina narrativa de primer ordre. Aix\u00ed mateix, ha sigut reconeguda amb nombrosos guardons, entre els quals dos premis Goya al Millor Disseny de Vestuari: en 1999 per <em>La ni\u00f1a de tus ojos<\/em> i en 2020 per <em>Mientras dure la guerra<\/em>, a m\u00e9s d\u2019haver-hi sigut nominada deu vegades. En 2016 se li va concedir la Medalla d\u2019Or al M\u00e8rit en les Belles Arts, atorgada pel Ministeri de Cultura i Esport. \u00c9s membre de l\u2019Acad\u00e8mia Espanyola de Cinema i de la American Academy of Motion Pictures Arts Sciences.<\/p>\n<p style=\"text-align: justify\">En aquest nou episodi de <em>Hall of Frame<\/em>, a trav\u00e9s d\u2019una entrevista en profunditat, de material d\u2019arxiu i d\u2019un dispositiu visual dissenyat acuradament, l\u2019episodi tra\u00e7a un retrat \u00edntim i professional de Sonia Grande, alhora que reflexiona sobre l\u2019evoluci\u00f3 del disseny de vestuari en un context audiovisual en transformaci\u00f3 constant.<\/p>\n<p style=\"text-align: justify\">El projecte <em>Hall of Frame<\/em> est\u00e0 dirigit per Guillermo L\u00f3pez Aliaga i compta en el seu equip amb professionals de l\u2019audiovisual alacant\u00ed com Rafael Bonet o Cristina Aguilar. Aquesta col\u00b7lecci\u00f3 d\u2019entrevistes est\u00e0 concebuda com un arxiu audiovisual viu, destinat a preservar i difondre el coneixement generat des de la pr\u00e0ctica professional del cinema.<\/p>\n<p style=\"text-align: justify\">L\u2019estrena de l\u2019episodi dedicat a Sonia Grande est\u00e0 previst per a comen\u00e7aments del pr\u00f2xim any 2026.<\/p>\n<p><\/p>","protected":false},"excerpt":{"rendered":"<p>El projecte d\u2019investigaci\u00f3 audiovisual Hall of Frame, dirigit pel t\u00e8cnic del Servei d\u2019Innovaci\u00f3 i Planificaci\u00f3 Tecnol\u00f2gica i investigador del Centre d\u2019Investigaci\u00f3 en Arts de la Universitat Miguel Hern\u00e1ndez d\u2019Elx (UMH) Guillermo L\u00f3pez, inicia el rodatge d\u2019un nou episodi centrat en una figura essencial del cinema espanyol i internacional: la dissenyadora de vestuari Sonia Grande. Hall [&#8230;]<\/p>\n","protected":false},"author":32202,"featured_media":0,"comment_status":"closed","ping_status":"open","sticky":false,"template":"","format":"standard","meta":{"ngg_post_thumbnail":0,"_links_to":"","_links_to_target":""},"categories":[43],"tags":[],"_links":{"self":[{"href":"https:\/\/comunicacion.umh.es\/ca\/wp-json\/wp\/v2\/posts\/190337"}],"collection":[{"href":"https:\/\/comunicacion.umh.es\/ca\/wp-json\/wp\/v2\/posts"}],"about":[{"href":"https:\/\/comunicacion.umh.es\/ca\/wp-json\/wp\/v2\/types\/post"}],"author":[{"embeddable":true,"href":"https:\/\/comunicacion.umh.es\/ca\/wp-json\/wp\/v2\/users\/32202"}],"replies":[{"embeddable":true,"href":"https:\/\/comunicacion.umh.es\/ca\/wp-json\/wp\/v2\/comments?post=190337"}],"version-history":[{"count":0,"href":"https:\/\/comunicacion.umh.es\/ca\/wp-json\/wp\/v2\/posts\/190337\/revisions"}],"wp:attachment":[{"href":"https:\/\/comunicacion.umh.es\/ca\/wp-json\/wp\/v2\/media?parent=190337"}],"wp:term":[{"taxonomy":"category","embeddable":true,"href":"https:\/\/comunicacion.umh.es\/ca\/wp-json\/wp\/v2\/categories?post=190337"},{"taxonomy":"post_tag","embeddable":true,"href":"https:\/\/comunicacion.umh.es\/ca\/wp-json\/wp\/v2\/tags?post=190337"}],"curies":[{"name":"wp","href":"https:\/\/api.w.org\/{rel}","templated":true}]}}