{"id":190408,"date":"2025-11-07T10:32:32","date_gmt":"2025-11-07T09:32:32","guid":{"rendered":"https:\/\/comunicacion.umh.es\/?p=190408"},"modified":"2025-11-07T12:31:59","modified_gmt":"2025-11-07T11:31:59","slug":"el-parque-cientifico-reconocido-por-apte-como-uno-de-los-parques-mas-activos-de-la-red-de-tecnicos-durante-2024","status":"publish","type":"post","link":"https:\/\/comunicacion.umh.es\/ca\/2025\/11\/07\/el-parque-cientifico-reconocido-por-apte-como-uno-de-los-parques-mas-activos-de-la-red-de-tecnicos-durante-2024\/","title":{"rendered":"El Parc Cient\u00edfic de la UMH, reconegut per APTE com un dels parcs m\u00e9s actius de la Xarxa de T\u00e8cnics durant 2024"},"content":{"rendered":"<p><\/p>\n<p style=\"text-align: justify\">L\u2019Associaci\u00f3 de Parcs Cient\u00edfics i Tecnol\u00f2gics d\u2019Espanya (APTE) ha reconegut el Parc Cient\u00edfic de la Universitat Miguel Hern\u00e1ndez d\u2019Elx (PCUMH) com un dels parcs m\u00e9s actius de la Xarxa de T\u00e8cnics durant 2024. El lliurament d\u2019aquesta distinci\u00f3, a la qual opten els parcs membres de l\u2019Associaci\u00f3, ha tingut lloc en el marc de la XXIII Confer\u00e8ncia Internacional d\u2019APTE, celebrada a Gij\u00f3n. El t\u00e8cnic de l\u2019\u00c0rea de Creixement Empresarial del PCUMH Oleks Oprysnyk ha sigut l\u2019encarregat d\u2019arreplegar aquest guard\u00f3.<!--more--><\/p>\n<p style=\"text-align: justify\"><a href=\"https:\/\/comunicacion.umh.es\/files\/2025\/11\/07-11-25-premio-pcumh-apte.jpg\"><img loading=\"lazy\" class=\"alignleft size-medium wp-image-190411\" src=\"https:\/\/comunicacion.umh.es\/files\/2025\/11\/07-11-25-premio-pcumh-apte-300x225.jpg\" alt=\"\" width=\"300\" height=\"225\" srcset=\"https:\/\/comunicacion.umh.es\/files\/2025\/11\/07-11-25-premio-pcumh-apte-300x225.jpg 300w, https:\/\/comunicacion.umh.es\/files\/2025\/11\/07-11-25-premio-pcumh-apte-1024x768.jpg 1024w, https:\/\/comunicacion.umh.es\/files\/2025\/11\/07-11-25-premio-pcumh-apte-768x576.jpg 768w, https:\/\/comunicacion.umh.es\/files\/2025\/11\/07-11-25-premio-pcumh-apte.jpg 1200w\" sizes=\"(max-width: 300px) 100vw, 300px\" \/><\/a>Aquest premi, que tamb\u00e9 ha rebut el Parc Cient\u00edfic i Tecnol\u00f2gic Cartuja, reconeix aquells parcs que col\u00b7laboren en gran manera en les activitats incloses en el pla de treball de la Xarxa de T\u00e8cnics d\u2019APTE de cada any. L\u2019objectiu principal de l\u2019Associaci\u00f3 \u00e9s col\u00b7laborar, mitjan\u00e7ant la potenciaci\u00f3 i difusi\u00f3 dels parcs cient\u00edfics i tecnol\u00f2gics, a la renovaci\u00f3 i diversificaci\u00f3 de l\u2019activitat productiva, al progr\u00e9s tecnol\u00f2gic i al desenvolupament econ\u00f2mic.<\/p>\n<p style=\"text-align: justify\">Durant la Confer\u00e8ncia Internacional d\u2019APTE s\u2019han realitzat altres activitats com ara taules redones, reunions de treball i trobades de <em>networking<\/em>. Els temes tractats han girat al voltant dels reptes i les oportunitats de l\u2019economia blava com a motor de transformaci\u00f3 territorial. Aix\u00ed mateix, han lliurat un diploma als parcs que compleixen 20 anys en 2025, entre els quals es troba el PCUMH. Sota el lema \u00abEconomia Blava 5.0: Innovaci\u00f3, Talent i Sostenibilitat per a un Futur Intel\u00b7ligent del Litoral\u00bb, aquesta trobada ha reunit a m\u00e9s de 100 professionals, experts i representants institucionals vinculats a l\u2019ecosistema d\u2019innovaci\u00f3, la sostenibilitat i el desenvolupament regional.<\/p>\n<p>&nbsp;<\/p>","protected":false},"excerpt":{"rendered":"<p>L\u2019Associaci\u00f3 de Parcs Cient\u00edfics i Tecnol\u00f2gics d\u2019Espanya (APTE) ha reconegut el Parc Cient\u00edfic de la Universitat Miguel Hern\u00e1ndez d\u2019Elx (PCUMH) com un dels parcs m\u00e9s actius de la Xarxa de T\u00e8cnics durant 2024. El lliurament d\u2019aquesta distinci\u00f3, a la qual opten els parcs membres de l\u2019Associaci\u00f3, ha tingut lloc en el marc de la XXIII [&#8230;]<\/p>\n","protected":false},"author":2693,"featured_media":0,"comment_status":"closed","ping_status":"open","sticky":false,"template":"","format":"standard","meta":{"ngg_post_thumbnail":0,"_links_to":"","_links_to_target":""},"categories":[43],"tags":[],"_links":{"self":[{"href":"https:\/\/comunicacion.umh.es\/ca\/wp-json\/wp\/v2\/posts\/190408"}],"collection":[{"href":"https:\/\/comunicacion.umh.es\/ca\/wp-json\/wp\/v2\/posts"}],"about":[{"href":"https:\/\/comunicacion.umh.es\/ca\/wp-json\/wp\/v2\/types\/post"}],"author":[{"embeddable":true,"href":"https:\/\/comunicacion.umh.es\/ca\/wp-json\/wp\/v2\/users\/2693"}],"replies":[{"embeddable":true,"href":"https:\/\/comunicacion.umh.es\/ca\/wp-json\/wp\/v2\/comments?post=190408"}],"version-history":[{"count":0,"href":"https:\/\/comunicacion.umh.es\/ca\/wp-json\/wp\/v2\/posts\/190408\/revisions"}],"wp:attachment":[{"href":"https:\/\/comunicacion.umh.es\/ca\/wp-json\/wp\/v2\/media?parent=190408"}],"wp:term":[{"taxonomy":"category","embeddable":true,"href":"https:\/\/comunicacion.umh.es\/ca\/wp-json\/wp\/v2\/categories?post=190408"},{"taxonomy":"post_tag","embeddable":true,"href":"https:\/\/comunicacion.umh.es\/ca\/wp-json\/wp\/v2\/tags?post=190408"}],"curies":[{"name":"wp","href":"https:\/\/api.w.org\/{rel}","templated":true}]}}