{"id":190423,"date":"2025-11-07T10:46:59","date_gmt":"2025-11-07T09:46:59","guid":{"rendered":"https:\/\/comunicacion.umh.es\/?p=190423"},"modified":"2025-11-07T12:30:19","modified_gmt":"2025-11-07T11:30:19","slug":"el-proyecto-europeo-de-la-umh-cair-para-mejorar-la-salud-en-el-barrio-ilicitano-de-carrus-premio-salud-de-onda-cero","status":"publish","type":"post","link":"https:\/\/comunicacion.umh.es\/ca\/2025\/11\/07\/el-proyecto-europeo-de-la-umh-cair-para-mejorar-la-salud-en-el-barrio-ilicitano-de-carrus-premio-salud-de-onda-cero\/","title":{"rendered":"El projecte europeu de la UMH CAIR per a millorar la salut en el barri il\u00b7licit\u00e0 de Carr\u00fas, Premi Salut d\u2019Onda Cero"},"content":{"rendered":"<p><\/p>\n<p style=\"text-align: justify\">Onda Cero Elx \u2014comarques del Vinalop\u00f3\u2014 ha reconegut amb el Premi Salut al projecte CAIR, liderat per la Universitat Miguel Hern\u00e1ndez d\u2019Elx (UMH) i finan\u00e7at pel Consell Europeu d\u2019Investigaci\u00f3, per la seua labor en el disseny d\u2019estrat\u00e8gies de promoci\u00f3 de la salut amb la participaci\u00f3 ciutadana en el barri de Carr\u00fas. La directora del projecte, la professora de Medicina Preventiva i Salut P\u00fablica de la UMH Lucy Anne Parker, ha arreplegat aquest guard\u00f3 en el Gran Teatre d\u2019Elx en una gala a la qual tamb\u00e9 ha assistit el rector de la UMH, Juan Jos\u00e9 Ruiz.<!--more--><\/p>\n<p style=\"text-align: justify\"><a href=\"https:\/\/comunicacion.umh.es\/files\/2025\/11\/07-11-25-premio-onda-cero-3.jpg\"><img loading=\"lazy\" class=\"alignleft size-medium wp-image-190429\" src=\"https:\/\/comunicacion.umh.es\/files\/2025\/11\/07-11-25-premio-onda-cero-3-300x225.jpg\" alt=\"\" width=\"300\" height=\"225\" srcset=\"https:\/\/comunicacion.umh.es\/files\/2025\/11\/07-11-25-premio-onda-cero-3-300x225.jpg 300w, https:\/\/comunicacion.umh.es\/files\/2025\/11\/07-11-25-premio-onda-cero-3-1024x768.jpg 1024w, https:\/\/comunicacion.umh.es\/files\/2025\/11\/07-11-25-premio-onda-cero-3-768x576.jpg 768w, https:\/\/comunicacion.umh.es\/files\/2025\/11\/07-11-25-premio-onda-cero-3.jpg 1200w\" sizes=\"(max-width: 300px) 100vw, 300px\" \/><\/a>El projecte t\u00e9 una duraci\u00f3 de cinc anys i utilitza metodologies col\u00b7laboratives com la cocreaci\u00f3, ja que en totes les fases es treballar\u00e0 conjuntament amb les persones que viuen en el barri, autoritats i associacions per a posar en marxa iniciatives comunit\u00e0ries que promoguen la salut mental, la salut cardiovascular i redu\u00efsquen la resist\u00e8ncia als antibi\u00f2tics. La iniciativa naix de la convicci\u00f3 que les accions comunit\u00e0ries poden liderar un canvi cap a una atenci\u00f3 m\u00e8dica m\u00e9s equitativa i, en \u00faltima inst\u00e0ncia, millorar la salut de les persones. En lloc d\u2019imposar solucions \u00abdes de dalt\u00bb, CAIR tracta de submergir-se en el teixit social del barri de Carr\u00fas per a construir juntament amb els seus habitants.<\/p>\n<p style=\"text-align: justify\">Segons ha explicat la investigadora de la UMH Parker, \u201cho enfoquem com un projecte de promoci\u00f3 de la salut, en qu\u00e8 es deixa de costat la prevenci\u00f3 de malalties. Cal canviar aquest concepte que la salut dep\u00e9n del personal m\u00e8dic i dels medicaments i pensar que hi ha recursos en la comunitat, contactes amb les persones i coses que podem fer des de la comunitat\u201d.<\/p>\n<p>&nbsp;<\/p>","protected":false},"excerpt":{"rendered":"<p>Onda Cero Elx \u2014comarques del Vinalop\u00f3\u2014 ha reconegut amb el Premi Salut al projecte CAIR, liderat per la Universitat Miguel Hern\u00e1ndez d\u2019Elx (UMH) i finan\u00e7at pel Consell Europeu d\u2019Investigaci\u00f3, per la seua labor en el disseny d\u2019estrat\u00e8gies de promoci\u00f3 de la salut amb la participaci\u00f3 ciutadana en el barri de Carr\u00fas. La directora del projecte, [&#8230;]<\/p>\n","protected":false},"author":2693,"featured_media":0,"comment_status":"closed","ping_status":"open","sticky":false,"template":"","format":"standard","meta":{"ngg_post_thumbnail":0,"_links_to":"","_links_to_target":""},"categories":[43],"tags":[],"_links":{"self":[{"href":"https:\/\/comunicacion.umh.es\/ca\/wp-json\/wp\/v2\/posts\/190423"}],"collection":[{"href":"https:\/\/comunicacion.umh.es\/ca\/wp-json\/wp\/v2\/posts"}],"about":[{"href":"https:\/\/comunicacion.umh.es\/ca\/wp-json\/wp\/v2\/types\/post"}],"author":[{"embeddable":true,"href":"https:\/\/comunicacion.umh.es\/ca\/wp-json\/wp\/v2\/users\/2693"}],"replies":[{"embeddable":true,"href":"https:\/\/comunicacion.umh.es\/ca\/wp-json\/wp\/v2\/comments?post=190423"}],"version-history":[{"count":0,"href":"https:\/\/comunicacion.umh.es\/ca\/wp-json\/wp\/v2\/posts\/190423\/revisions"}],"wp:attachment":[{"href":"https:\/\/comunicacion.umh.es\/ca\/wp-json\/wp\/v2\/media?parent=190423"}],"wp:term":[{"taxonomy":"category","embeddable":true,"href":"https:\/\/comunicacion.umh.es\/ca\/wp-json\/wp\/v2\/categories?post=190423"},{"taxonomy":"post_tag","embeddable":true,"href":"https:\/\/comunicacion.umh.es\/ca\/wp-json\/wp\/v2\/tags?post=190423"}],"curies":[{"name":"wp","href":"https:\/\/api.w.org\/{rel}","templated":true}]}}