{"id":190444,"date":"2025-11-10T11:28:13","date_gmt":"2025-11-10T10:28:13","guid":{"rendered":"https:\/\/comunicacion.umh.es\/?p=190444"},"modified":"2025-11-11T09:36:56","modified_gmt":"2025-11-11T08:36:56","slug":"la-umh-programa-un-ciclo-de-actividades-con-motivo-de-los-25-anos-de-la-declaracion-del-palmeral-delx-como-patrimonio-de-la-humanidad","status":"publish","type":"post","link":"https:\/\/comunicacion.umh.es\/ca\/2025\/11\/10\/la-umh-programa-un-ciclo-de-actividades-con-motivo-de-los-25-anos-de-la-declaracion-del-palmeral-delx-como-patrimonio-de-la-humanidad\/","title":{"rendered":"La UMH programa un cicle d\u2019activitats amb motiu dels 25 anys de la Declaraci\u00f3 del Palmerar d\u2019Elx com a Patrimoni de la Humanitat"},"content":{"rendered":"<p><\/p>\n<p style=\"text-align: justify\">Sota el t\u00edtol \u201cJornades Palmerar 25: Una reflexi\u00f3 per al futur\u201d, la C\u00e0tedra Palmerar d\u2019Elx de la Universitat Miguel Hern\u00e1ndez (UMH) celebrar\u00e0 durant novembre i desembre un cicle d\u2019activitats per a commemorar el 25 aniversari de la declaraci\u00f3 del Palmerar com a&nbsp;Patrimoni de la Humanitat&nbsp;per la UNESCO.&nbsp;Aquestes&nbsp;activitats arrancaran l\u201911 i el 13 de novembre, a partir de les 18.00 hores, a l\u2019Aula Pla\u00e7a&nbsp;de Baix de la UMH.<!--more--><\/p>\n<p style=\"text-align: justify\"><a href=\"https:\/\/comunicacion.umh.es\/files\/2025\/03\/27-03-25-Placa-de-Baix.jpg\"><img loading=\"lazy\" class=\"size-medium wp-image-184214 alignleft\" src=\"https:\/\/comunicacion.umh.es\/files\/2025\/03\/27-03-25-Placa-de-Baix-300x225.jpg\" alt=\"\" width=\"300\" height=\"225\" srcset=\"https:\/\/comunicacion.umh.es\/files\/2025\/03\/27-03-25-Placa-de-Baix-300x225.jpg 300w, https:\/\/comunicacion.umh.es\/files\/2025\/03\/27-03-25-Placa-de-Baix-1024x768.jpg 1024w, https:\/\/comunicacion.umh.es\/files\/2025\/03\/27-03-25-Placa-de-Baix-768x576.jpg 768w, https:\/\/comunicacion.umh.es\/files\/2025\/03\/27-03-25-Placa-de-Baix.jpg 1200w\" sizes=\"(max-width: 300px) 100vw, 300px\" \/><\/a>Les jornades comptaran amb la participaci\u00f3 dels diferents sectors que treballen pel i per al sosteniment d\u2019aquest&nbsp;Patrimoni com a t\u00e8cnics municipals, especialistes en patrimoni, investigadors universitaris i representants d\u2019associacions vinculades al Palmerar, al costat de representants institucionals i la ciutadania activa.<\/p>\n<p style=\"text-align: justify\">Cada sessi\u00f3 es desenvolupar\u00e0 a l\u2019Aula Pla\u00e7a&nbsp;de Baix de la UMH i seguiran eixos tem\u00e0tics com el Palmerar, la UNESCO, valoritzaci\u00f3 de recursos generats pel palmerar o l\u2019educaci\u00f3 en valors relacionats amb&nbsp;aquest. La jornada es desenvolupar\u00e0 amb un format de tres blocs: Taula tem\u00e0tica oberta, amb intervencions breus d\u2019especialistes; Intervenci\u00f3 de convidats especialistes en el tema de qu\u00e8 es tracte; i col\u00b7loqui amb el p\u00fablic per a facilitar la interacci\u00f3 entre participants.<\/p>\n<p style=\"text-align: justify\">Aquestes jornades compten amb la col\u00b7laboraci\u00f3 de l\u2019Ajuntament d\u2019Elx, el Vicerectorat&nbsp;d\u2019Economia i Societat de la UMH, l\u2019Associaci\u00f3 de Productors de D\u00e0tils d\u2019Elx, l\u2019Institut d\u2019Investigaci\u00f3 i Innovaci\u00f3 Agroaliment\u00e0ria i Agroambiental (CIAGRO) de la UMH, l\u2019Escola Polit\u00e8cnica Superior d\u2019Orihuela (EPSO) i els projectes d\u2019investigaci\u00f3 relacionats amb el palmerar il\u00b7licit\u00e0 VALORACV, ECOBIOFUN&nbsp;i SIMPLYDATE.<\/p>\n<p><\/p>","protected":false},"excerpt":{"rendered":"<p>Sota el t\u00edtol \u201cJornades Palmerar 25: Una reflexi\u00f3 per al futur\u201d, la C\u00e0tedra Palmerar d\u2019Elx de la Universitat Miguel Hern\u00e1ndez (UMH) celebrar\u00e0 durant novembre i desembre un cicle d\u2019activitats per a commemorar el 25 aniversari de la declaraci\u00f3 del Palmerar com a&nbsp;Patrimoni de la Humanitat&nbsp;per la UNESCO.&nbsp;Aquestes&nbsp;activitats arrancaran l\u201911 i el 13 de novembre, a [&#8230;]<\/p>\n","protected":false},"author":2693,"featured_media":0,"comment_status":"closed","ping_status":"open","sticky":false,"template":"","format":"standard","meta":{"ngg_post_thumbnail":0,"_links_to":"","_links_to_target":""},"categories":[43],"tags":[],"_links":{"self":[{"href":"https:\/\/comunicacion.umh.es\/ca\/wp-json\/wp\/v2\/posts\/190444"}],"collection":[{"href":"https:\/\/comunicacion.umh.es\/ca\/wp-json\/wp\/v2\/posts"}],"about":[{"href":"https:\/\/comunicacion.umh.es\/ca\/wp-json\/wp\/v2\/types\/post"}],"author":[{"embeddable":true,"href":"https:\/\/comunicacion.umh.es\/ca\/wp-json\/wp\/v2\/users\/2693"}],"replies":[{"embeddable":true,"href":"https:\/\/comunicacion.umh.es\/ca\/wp-json\/wp\/v2\/comments?post=190444"}],"version-history":[{"count":0,"href":"https:\/\/comunicacion.umh.es\/ca\/wp-json\/wp\/v2\/posts\/190444\/revisions"}],"wp:attachment":[{"href":"https:\/\/comunicacion.umh.es\/ca\/wp-json\/wp\/v2\/media?parent=190444"}],"wp:term":[{"taxonomy":"category","embeddable":true,"href":"https:\/\/comunicacion.umh.es\/ca\/wp-json\/wp\/v2\/categories?post=190444"},{"taxonomy":"post_tag","embeddable":true,"href":"https:\/\/comunicacion.umh.es\/ca\/wp-json\/wp\/v2\/tags?post=190444"}],"curies":[{"name":"wp","href":"https:\/\/api.w.org\/{rel}","templated":true}]}}