{"id":190525,"date":"2025-11-12T10:19:40","date_gmt":"2025-11-12T09:19:40","guid":{"rendered":"https:\/\/comunicacion.umh.es\/?p=190525"},"modified":"2025-11-14T12:38:04","modified_gmt":"2025-11-14T11:38:04","slug":"visita-de-la-investigadora-de-la-universidad-de-la-frontera-chile-lorena-wengerisita","status":"publish","type":"post","link":"https:\/\/comunicacion.umh.es\/ca\/2025\/11\/12\/visita-de-la-investigadora-de-la-universidad-de-la-frontera-chile-lorena-wengerisita\/","title":{"rendered":"Visita de la investigadora de la Universitat de La Frontera (Xile) Lorena Wenger"},"content":{"rendered":"<p><\/p>\n<p style=\"text-align: justify\"><span style=\"font-weight: 400\">Membres&nbsp;de l\u2019equip del Departament de Psicologia de la Salut de la Universitat Miguel Hern\u00e1ndez d\u2019Elx (UMH) han rebut la visita de la investigadora de la Universitat de La Frontera (Xile) Lorena&nbsp;Wenger. La investigadora desenvolupa la seua labor cient\u00edfica en l\u2019\u00e0mbit de l\u2019avaluaci\u00f3 i intervenci\u00f3 en problem\u00e0tiques psicosocials i lidera diverses l\u00ednies d\u2019investigaci\u00f3 orientades al benestar i la salut mental en contextos educatius i comunitaris.<\/span><!--more--><\/p>\n<p style=\"text-align: justify\"><span style=\"font-weight: 400\"><a href=\"https:\/\/comunicacion.umh.es\/files\/2025\/11\/12-11-25-visita-psicologia-chile-NOTICIA.jpg\"><img loading=\"lazy\" class=\"size-medium wp-image-190528 alignleft\" src=\"https:\/\/comunicacion.umh.es\/files\/2025\/11\/12-11-25-visita-psicologia-chile-NOTICIA-300x225.jpg\" alt=\"\" width=\"300\" height=\"225\" srcset=\"https:\/\/comunicacion.umh.es\/files\/2025\/11\/12-11-25-visita-psicologia-chile-NOTICIA-300x225.jpg 300w, https:\/\/comunicacion.umh.es\/files\/2025\/11\/12-11-25-visita-psicologia-chile-NOTICIA-1024x768.jpg 1024w, https:\/\/comunicacion.umh.es\/files\/2025\/11\/12-11-25-visita-psicologia-chile-NOTICIA-768x576.jpg 768w, https:\/\/comunicacion.umh.es\/files\/2025\/11\/12-11-25-visita-psicologia-chile-NOTICIA.jpg 1200w\" sizes=\"(max-width: 300px) 100vw, 300px\" \/><\/a>Durant l\u2019estada en la UMH, la investigadora ha mantingut reunions de treball amb diferents equips del Departament de Psicologia de la Salut amb l\u2019objectiu d\u2019establir noves l\u00ednies de col\u00b7laboraci\u00f3 en projectes d\u2019investigaci\u00f3 conjunts centrats en la salut mental infantojuvenil i la intervenci\u00f3 psicosocial. Aix\u00ed mateix, ha impartit diversos seminaris adre\u00e7ats a estudiants de postgrau, en els quals ha compartit la seua experi\u00e8ncia en la investigaci\u00f3 aplicada i les metodologies d\u2019avaluaci\u00f3 en contextos psicosocials.<\/span><\/p>\n<p style=\"text-align: justify\"><span style=\"font-weight: 400\">Aquesta&nbsp;visita s\u2019emmarca en les accions de cooperaci\u00f3 internacional impulsades per la UMH i orientades a promoure l\u2019intercanvi cient\u00edfic i el desenvolupament de xarxes acad\u00e8miques amb institucions d\u2019educaci\u00f3 superior d\u2019\u00e0mbit internacional.<\/span><\/p>\n<p><\/p>","protected":false},"excerpt":{"rendered":"<p>Membres&nbsp;de l\u2019equip del Departament de Psicologia de la Salut de la Universitat Miguel Hern\u00e1ndez d\u2019Elx (UMH) han rebut la visita de la investigadora de la Universitat de La Frontera (Xile) Lorena&nbsp;Wenger. La investigadora desenvolupa la seua labor cient\u00edfica en l\u2019\u00e0mbit de l\u2019avaluaci\u00f3 i intervenci\u00f3 en problem\u00e0tiques psicosocials i lidera diverses l\u00ednies d\u2019investigaci\u00f3 orientades al benestar [&#8230;]<\/p>\n","protected":false},"author":32202,"featured_media":0,"comment_status":"closed","ping_status":"open","sticky":false,"template":"","format":"standard","meta":{"ngg_post_thumbnail":0,"_links_to":"","_links_to_target":""},"categories":[43],"tags":[],"_links":{"self":[{"href":"https:\/\/comunicacion.umh.es\/ca\/wp-json\/wp\/v2\/posts\/190525"}],"collection":[{"href":"https:\/\/comunicacion.umh.es\/ca\/wp-json\/wp\/v2\/posts"}],"about":[{"href":"https:\/\/comunicacion.umh.es\/ca\/wp-json\/wp\/v2\/types\/post"}],"author":[{"embeddable":true,"href":"https:\/\/comunicacion.umh.es\/ca\/wp-json\/wp\/v2\/users\/32202"}],"replies":[{"embeddable":true,"href":"https:\/\/comunicacion.umh.es\/ca\/wp-json\/wp\/v2\/comments?post=190525"}],"version-history":[{"count":0,"href":"https:\/\/comunicacion.umh.es\/ca\/wp-json\/wp\/v2\/posts\/190525\/revisions"}],"wp:attachment":[{"href":"https:\/\/comunicacion.umh.es\/ca\/wp-json\/wp\/v2\/media?parent=190525"}],"wp:term":[{"taxonomy":"category","embeddable":true,"href":"https:\/\/comunicacion.umh.es\/ca\/wp-json\/wp\/v2\/categories?post=190525"},{"taxonomy":"post_tag","embeddable":true,"href":"https:\/\/comunicacion.umh.es\/ca\/wp-json\/wp\/v2\/tags?post=190525"}],"curies":[{"name":"wp","href":"https:\/\/api.w.org\/{rel}","templated":true}]}}