{"id":190534,"date":"2025-11-12T10:28:42","date_gmt":"2025-11-12T09:28:42","guid":{"rendered":"https:\/\/comunicacion.umh.es\/?p=190534"},"modified":"2025-11-14T12:36:06","modified_gmt":"2025-11-14T11:36:06","slug":"el-instituto-de-neurociencias-umh-csic-organiza-en-valencia-dos-dias-de-charlas-talleres-y-espectaculos-para-acercar-la-ciencia-a-la-sociedad","status":"publish","type":"post","link":"https:\/\/comunicacion.umh.es\/ca\/2025\/11\/12\/el-instituto-de-neurociencias-umh-csic-organiza-en-valencia-dos-dias-de-charlas-talleres-y-espectaculos-para-acercar-la-ciencia-a-la-sociedad\/","title":{"rendered":"L\u2019Institut de Neuroci\u00e8ncies UMH-CSIC organitza a Val\u00e8ncia dos dies de xarrades, tallers i espectacles per a acostar la ci\u00e8ncia a la societat"},"content":{"rendered":"<p><\/p>\n<p style=\"text-align: justify\"><span style=\"font-weight: 400\">Val\u00e8ncia acollir\u00e0, del 13 al 14 de novembre, el congr\u00e9s <\/span><a href=\"https:\/\/100xciencia2025.com\/\"><span style=\"font-weight: 400\">100xCiencia.9<\/span><\/a><span style=\"font-weight: 400\">, en el qual participa l\u2019Institut de Neuroci\u00e8ncies, centre mixt de la Universitat Miguel Hern\u00e1ndez d\u2019Elx (UMH), i el Consell Superior d\u2019Investigacions Cient\u00edfiques (CSIC). Organitzat per l\u2019Alian\u00e7a SOMMa (Alian\u00e7a de Centres d\u2019Excel\u00b7l\u00e8ncia Severo Ochoa i Mar\u00eda de Maeztu), obrir\u00e0 les portes al p\u00fablic en l\u2019auditori del CaixaForum Val\u00e8ncia i en l\u2019espai \u00c0gora de la Ciutat de les Arts i les Ci\u00e8ncies, amb una proposta atractiva i innovadora que combina xarrades, experiments, teatre i m\u00fasica per a acostar la investigaci\u00f3 a la ciutadania.<\/span><!--more--><\/p>\n<p style=\"text-align: justify\"><span style=\"font-weight: 400\"><a href=\"https:\/\/comunicacion.umh.es\/files\/2025\/11\/12-11-25-programa-divulgativo-ciencia-NOTICIA.jpg\"><img loading=\"lazy\" class=\"size-medium wp-image-190537 alignleft\" src=\"https:\/\/comunicacion.umh.es\/files\/2025\/11\/12-11-25-programa-divulgativo-ciencia-NOTICIA-300x225.jpg\" alt=\"\" width=\"300\" height=\"225\" srcset=\"https:\/\/comunicacion.umh.es\/files\/2025\/11\/12-11-25-programa-divulgativo-ciencia-NOTICIA-300x225.jpg 300w, https:\/\/comunicacion.umh.es\/files\/2025\/11\/12-11-25-programa-divulgativo-ciencia-NOTICIA-1024x768.jpg 1024w, https:\/\/comunicacion.umh.es\/files\/2025\/11\/12-11-25-programa-divulgativo-ciencia-NOTICIA-768x576.jpg 768w, https:\/\/comunicacion.umh.es\/files\/2025\/11\/12-11-25-programa-divulgativo-ciencia-NOTICIA.jpg 1200w\" sizes=\"(max-width: 300px) 100vw, 300px\" \/><\/a>L\u2019esdeveniment arrancar\u00e0 amb un toc musical a c\u00e0rrec d\u2019ALGABROWN &amp; the pipettes, els quals, juntament amb les investigadores Amparo L\u00f3pez Rubio i Gloria S\u00e1nchez, de l\u2019Institut d\u2019Agroqu\u00edmica i Tecnologia d\u2019Aliments (IATA-CSIC), presentaran l\u2019Alian\u00e7a SOMMa i marcaran el to d\u2019una vesprada en la qual la ci\u00e8ncia es converteix en espectacle. Entre les intervencions, hi destaca la xarrada de Bruno J. Ballesteros, cap de la Unitat Territorial de Val\u00e8ncia de l\u2019Institut Geol\u00f2gic i Miner d\u2019Espanya (IGME-CSIC), que abordar\u00e0 les causes i conseq\u00fc\u00e8ncies de la DANA d\u2019octubre de 2024, una cat\u00e0strofe que va afectar nombroses poblacions valencianes.<\/span><\/p>\n<p style=\"text-align: justify\"><span style=\"font-weight: 400\">D\u2019altra banda, l\u2019humor i la creativitat s\u2019uneixen a la ci\u00e8ncia amb els mon\u00f2legs cient\u00edfics que oferiran una mirada enginyosa a la investigaci\u00f3 actual: \u00abGoing FASTA: una (brev\u00edsima) historia de la bioinform\u00e1tica\u00bb, a c\u00e0rrec de Sergio Romera (IATA-CSIC), i \u00abVolar con la luz del sol: combustibles sostenibles para aviaci\u00f3n con energ\u00eda solar\u00bb, presentat per Alfonso Carrillo (ITQ UPV-CSIC). A continuaci\u00f3, el Teatre Qu\u00edmic de la Universitat de Val\u00e8ncia portar\u00e0 a l\u2019escenari un espectacle que converteix conceptes cient\u00edfics en escenes plenes d\u2019humor i creativitat, i demostrar\u00e0 que la ci\u00e8ncia tamb\u00e9 pot emocionar i divertir.<\/span><\/p>\n<p style=\"text-align: justify\"><span style=\"font-weight: 400\">Mentrestant, en l\u2019espai \u00c0gora, des de les 17.00 fins a les 19.00 hores, la ci\u00e8ncia s\u2019experimentar\u00e0 amb les mans. Els tallers interactius convidaran persones de totes les edats a convertir-se en protagonistes de la investigaci\u00f3, explorant des dels secrets del cervell i el sistema nervi\u00f3s fins als misteris de la mat\u00e8ria i la llum. Cada proposta ha sigut dissenyada per equips d\u2019investigaci\u00f3 dels centres amfitrions, amb l\u2019objectiu d\u2019acostar a la societat la ci\u00e8ncia capdavantera que desenvolupen en els seus laboratoris d\u2019una manera pr\u00e0ctica, emocionant i accessible a tots els p\u00fablics.<\/span><\/p>\n<p style=\"text-align: justify\"><span style=\"font-weight: 400\">A m\u00e9s, activitats com \u00abFungal Detective\u00bb, que desafia el p\u00fablic a identificar fongs responsables de plagues agr\u00edcoles, o \u00abTrau la veritat a la llum\u00bb, en qu\u00e8 la llum ultraviolada i el luminol ajuden a resoldre un crim fictici, mostraran com el coneixement cient\u00edfic pot ser tan divertit com revelador.<\/span><\/p>\n<p style=\"text-align: justify\"><span style=\"font-weight: 400\">Els visitants tamb\u00e9 podran descobrir com funcionen els acceleradors de part\u00edcules, observar les part\u00edcules m\u00e9s xicotetes i esquives des del fons de la mar a trav\u00e9s dels telescopis de neutrins ANTARES i KM3NeT, o sorprendre\u2019s amb experiments sobre magnetisme i levitaci\u00f3 que faran visible l\u2019invisible.<\/span><span style=\"font-weight: 400\"><br \/>\n<\/span><span style=\"font-weight: 400\">Finalment, per a tancar la jornada amb emoci\u00f3 i ritme, el grup valenci\u00e0 Soul Docks oferir\u00e0 un concert ple de <\/span><i><span style=\"font-weight: 400\">soul<\/span><\/i><span style=\"font-weight: 400\">, <\/span><i><span style=\"font-weight: 400\">blues<\/span><\/i><span style=\"font-weight: 400\"> i <\/span><i><span style=\"font-weight: 400\">rock<\/span><\/i><span style=\"font-weight: 400\"> cl\u00e0ssic, que unir\u00e0 generacions i celebrar\u00e0 la ci\u00e8ncia amb m\u00fasica.<\/span><\/p>\n<p style=\"text-align: justify\"><span style=\"font-weight: 400\">Sota el lema \u00abCi\u00e8ncia per a la societat. Tocant consci\u00e8ncies\u00bb, 100xCiencia.9 reunir\u00e0 personal investigador de refer\u00e8ncia, professionals d\u2019R+D, representants pol\u00edtics i ciutadania per a reflexionar i construir ponts entre la ci\u00e8ncia i la societat els dies 13 i 14 de novembre en el CaixaForum de Val\u00e8ncia.<\/span><\/p>\n<p style=\"text-align: justify\"><span style=\"font-weight: 400\">Aquesta edici\u00f3 compta amb cinc institucions amfitriones molt reconegudes, que s\u00f3n clau en el desenvolupament cient\u00edfic de la Comunitat Valenciana: l\u2019Institut de Ci\u00e8ncia Molecular (ICMol-Universitat de Val\u00e8ncia), l\u2019Institut de F\u00edsica Corpuscular (IFIC), afiliat a la Universitat de Val\u00e8ncia (UV) i al Consell Superior d\u2019Investigacions Cient\u00edfiques (CSIC); l\u2019Institut d\u2019Agroqu\u00edmica i Tecnologia d\u2019Aliments (IATA-CSIC); l\u2019Institut de Tecnologia Qu\u00edmica (ITQ), centre mixt de la Universitat Polit\u00e8cnica de Val\u00e8ncia (UPV) i del CSIC, i l\u2019Institut de Neuroci\u00e8ncies, centre mixt de la UMH i el CSIC.<\/span><\/p>\n<p style=\"text-align: justify\"><span style=\"font-weight: 400\">M\u00e9s informaci\u00f3 sobre l\u2019esdeveniment en el lloc web <\/span><a href=\"https:\/\/100xciencia2025.com\/\"><span style=\"font-weight: 400\">https:\/\/100xciencia2025.com\/<\/span><\/a><\/p>\n<p style=\"text-align: justify\">&nbsp;<\/p>\n<p><\/p>","protected":false},"excerpt":{"rendered":"<p>Val\u00e8ncia acollir\u00e0, del 13 al 14 de novembre, el congr\u00e9s 100xCiencia.9, en el qual participa l\u2019Institut de Neuroci\u00e8ncies, centre mixt de la Universitat Miguel Hern\u00e1ndez d\u2019Elx (UMH), i el Consell Superior d\u2019Investigacions Cient\u00edfiques (CSIC). Organitzat per l\u2019Alian\u00e7a SOMMa (Alian\u00e7a de Centres d\u2019Excel\u00b7l\u00e8ncia Severo Ochoa i Mar\u00eda de Maeztu), obrir\u00e0 les portes al p\u00fablic en l\u2019auditori [&#8230;]<\/p>\n","protected":false},"author":32202,"featured_media":0,"comment_status":"closed","ping_status":"open","sticky":false,"template":"","format":"standard","meta":{"ngg_post_thumbnail":0,"_links_to":"","_links_to_target":""},"categories":[43],"tags":[],"_links":{"self":[{"href":"https:\/\/comunicacion.umh.es\/ca\/wp-json\/wp\/v2\/posts\/190534"}],"collection":[{"href":"https:\/\/comunicacion.umh.es\/ca\/wp-json\/wp\/v2\/posts"}],"about":[{"href":"https:\/\/comunicacion.umh.es\/ca\/wp-json\/wp\/v2\/types\/post"}],"author":[{"embeddable":true,"href":"https:\/\/comunicacion.umh.es\/ca\/wp-json\/wp\/v2\/users\/32202"}],"replies":[{"embeddable":true,"href":"https:\/\/comunicacion.umh.es\/ca\/wp-json\/wp\/v2\/comments?post=190534"}],"version-history":[{"count":0,"href":"https:\/\/comunicacion.umh.es\/ca\/wp-json\/wp\/v2\/posts\/190534\/revisions"}],"wp:attachment":[{"href":"https:\/\/comunicacion.umh.es\/ca\/wp-json\/wp\/v2\/media?parent=190534"}],"wp:term":[{"taxonomy":"category","embeddable":true,"href":"https:\/\/comunicacion.umh.es\/ca\/wp-json\/wp\/v2\/categories?post=190534"},{"taxonomy":"post_tag","embeddable":true,"href":"https:\/\/comunicacion.umh.es\/ca\/wp-json\/wp\/v2\/tags?post=190534"}],"curies":[{"name":"wp","href":"https:\/\/api.w.org\/{rel}","templated":true}]}}