{"id":190549,"date":"2025-11-12T10:36:26","date_gmt":"2025-11-12T09:36:26","guid":{"rendered":"https:\/\/comunicacion.umh.es\/?p=190549"},"modified":"2025-11-12T10:56:31","modified_gmt":"2025-11-12T09:56:31","slug":"congreso-cuestiones-actuales-de-la-autonomia-de-la-voluntad-especial-atencion-a-la-persona-con-discapacidad","status":"publish","type":"post","link":"https:\/\/comunicacion.umh.es\/ca\/2025\/11\/12\/congreso-cuestiones-actuales-de-la-autonomia-de-la-voluntad-especial-atencion-a-la-persona-con-discapacidad\/","title":{"rendered":"Congr\u00e9s internacional: Q\u00fcestions actuals de l\u2019autonomia de la voluntat: especial atenci\u00f3 a la persona amb discapacitat"},"content":{"rendered":"<p><\/p>\n<p style=\"text-align: justify\">L\u2019\u00c0rea de Dret Civil de la Universitat Miguel Hern\u00e1ndez d\u2019Elx (UMH) ha organitzat el congr\u00e9s internacional \u00abQ\u00fcestions actuals de l\u2019autonomia de la voluntat: especial atenci\u00f3 a la persona amb discapacitat\u00bb, que se celebrar\u00e0 el 13 i el 14 de novembre, a partir de les 10.00 hores. L\u2019esdeveniment es desenvolupar\u00e0 en l\u2019edifici Valverde del campus d\u2019Elx, aix\u00ed com en format en l\u00ednia, i abordar\u00e0 temes com el dret d\u2019autodeterminaci\u00f3 i l\u2019exercici dels drets per part de col\u00b7lectius vulnerables.<!--more--><a href=\"https:\/\/comunicacion.umh.es\/files\/2025\/11\/12-11-25-congreso-atencion-personas-diversidad-NOTICIA.jpg\"><img loading=\"lazy\" class=\"size-medium wp-image-190552 alignleft\" src=\"https:\/\/comunicacion.umh.es\/files\/2025\/11\/12-11-25-congreso-atencion-personas-diversidad-NOTICIA-300x225.jpg\" alt=\"\" width=\"300\" height=\"225\" srcset=\"https:\/\/comunicacion.umh.es\/files\/2025\/11\/12-11-25-congreso-atencion-personas-diversidad-NOTICIA-300x225.jpg 300w, https:\/\/comunicacion.umh.es\/files\/2025\/11\/12-11-25-congreso-atencion-personas-diversidad-NOTICIA-1024x768.jpg 1024w, https:\/\/comunicacion.umh.es\/files\/2025\/11\/12-11-25-congreso-atencion-personas-diversidad-NOTICIA-768x576.jpg 768w, https:\/\/comunicacion.umh.es\/files\/2025\/11\/12-11-25-congreso-atencion-personas-diversidad-NOTICIA.jpg 1200w\" sizes=\"(max-width: 300px) 100vw, 300px\" \/><\/a>El congr\u00e9s ha sigut finan\u00e7at per la Conselleria d\u2019Educaci\u00f3, Cultura, Universitats i Ocupaci\u00f3, en el marc de la subvenci\u00f3 per a l\u2019organitzaci\u00f3 i difusi\u00f3 de congressos, jornades i reunions cient\u00edfiques, tecnol\u00f2giques, human\u00edstiques o art\u00edstiques de car\u00e0cter internacional (CIAORG-2024) per a l\u2019exercici 2025 (ref.: CIAORG\/2024\/174).<\/p>\n<p style=\"text-align: justify\">Les jornades del 13 de novembre es poden seguir en <a href=\"http:\/\/meet.google.com\/krq-farr-pgq\">meet.google.com\/krq-farr-pgq<\/a>, i les del 14 de novembre en <a href=\"http:\/\/meet.google.com\/jcv-hvfj-zmw\">meet.google.com\/jcv-hvfj-zmw<\/a>.<\/p>\n<p style=\"text-align: justify\">M\u00e9s informaci\u00f3 en: <a href=\"https:\/\/derechocivil.umh.es\/\">https:\/\/derechocivil.umh.es\/<\/a><\/p>\n<p><\/p>","protected":false},"excerpt":{"rendered":"<p>L\u2019\u00c0rea de Dret Civil de la Universitat Miguel Hern\u00e1ndez d\u2019Elx (UMH) ha organitzat el congr\u00e9s internacional \u00abQ\u00fcestions actuals de l\u2019autonomia de la voluntat: especial atenci\u00f3 a la persona amb discapacitat\u00bb, que se celebrar\u00e0 el 13 i el 14 de novembre, a partir de les 10.00 hores. L\u2019esdeveniment es desenvolupar\u00e0 en l\u2019edifici Valverde del campus d\u2019Elx, [&#8230;]<\/p>\n","protected":false},"author":32202,"featured_media":0,"comment_status":"closed","ping_status":"open","sticky":false,"template":"","format":"standard","meta":{"ngg_post_thumbnail":0,"_links_to":"","_links_to_target":""},"categories":[43],"tags":[],"_links":{"self":[{"href":"https:\/\/comunicacion.umh.es\/ca\/wp-json\/wp\/v2\/posts\/190549"}],"collection":[{"href":"https:\/\/comunicacion.umh.es\/ca\/wp-json\/wp\/v2\/posts"}],"about":[{"href":"https:\/\/comunicacion.umh.es\/ca\/wp-json\/wp\/v2\/types\/post"}],"author":[{"embeddable":true,"href":"https:\/\/comunicacion.umh.es\/ca\/wp-json\/wp\/v2\/users\/32202"}],"replies":[{"embeddable":true,"href":"https:\/\/comunicacion.umh.es\/ca\/wp-json\/wp\/v2\/comments?post=190549"}],"version-history":[{"count":0,"href":"https:\/\/comunicacion.umh.es\/ca\/wp-json\/wp\/v2\/posts\/190549\/revisions"}],"wp:attachment":[{"href":"https:\/\/comunicacion.umh.es\/ca\/wp-json\/wp\/v2\/media?parent=190549"}],"wp:term":[{"taxonomy":"category","embeddable":true,"href":"https:\/\/comunicacion.umh.es\/ca\/wp-json\/wp\/v2\/categories?post=190549"},{"taxonomy":"post_tag","embeddable":true,"href":"https:\/\/comunicacion.umh.es\/ca\/wp-json\/wp\/v2\/tags?post=190549"}],"curies":[{"name":"wp","href":"https:\/\/api.w.org\/{rel}","templated":true}]}}