{"id":190597,"date":"2025-11-12T11:20:18","date_gmt":"2025-11-12T10:20:18","guid":{"rendered":"https:\/\/comunicacion.umh.es\/?p=190597"},"modified":"2025-11-14T12:32:26","modified_gmt":"2025-11-14T11:32:26","slug":"la-umh-y-el-consejo-regulador-de-la-denominacion-de-origen-protegida-de-alicante-colaboran-en-programas-educativos-y-culturales-conjuntos","status":"publish","type":"post","link":"https:\/\/comunicacion.umh.es\/ca\/2025\/11\/12\/la-umh-y-el-consejo-regulador-de-la-denominacion-de-origen-protegida-de-alicante-colaboran-en-programas-educativos-y-culturales-conjuntos\/","title":{"rendered":"La UMH i el Consell Regulador de la Denominaci\u00f3 d\u2019Origen Protegida d\u2019Alacant col\u00b7laboren en programes educatius i culturals conjunts"},"content":{"rendered":"<p><\/p>\n<p style=\"text-align: justify\"><span style=\"font-weight: 400\">El rector de la Universitat Miguel Hern\u00e1ndez d\u2019Elx (UMH), Juan Jos\u00e9 Ruiz, i el president del Consell Regulador de la Denominaci\u00f3 d\u2019Origen Protegida d\u2019Alacant (CDROP), Jos\u00e9 Juan Reus, han signat aquest mat\u00ed un conveni marc de col\u00b7laboraci\u00f3. Mitjan\u00e7ant aquest acord, totes dues entitats col\u00b7laboraran en l\u2019execuci\u00f3 de projectes i programes educatius i culturals conjunts.<\/span><!--more--><\/p>\n<p style=\"text-align: justify\"><span style=\"font-weight: 400\"><a href=\"https:\/\/comunicacion.umh.es\/files\/2025\/11\/12-11-25-convenio-regulador-DO-1.jpg\"><img loading=\"lazy\" class=\"size-medium wp-image-190594 alignleft\" src=\"https:\/\/comunicacion.umh.es\/files\/2025\/11\/12-11-25-convenio-regulador-DO-1-300x225.jpg\" alt=\"\" width=\"300\" height=\"225\" srcset=\"https:\/\/comunicacion.umh.es\/files\/2025\/11\/12-11-25-convenio-regulador-DO-1-300x225.jpg 300w, https:\/\/comunicacion.umh.es\/files\/2025\/11\/12-11-25-convenio-regulador-DO-1-1024x768.jpg 1024w, https:\/\/comunicacion.umh.es\/files\/2025\/11\/12-11-25-convenio-regulador-DO-1-768x576.jpg 768w, https:\/\/comunicacion.umh.es\/files\/2025\/11\/12-11-25-convenio-regulador-DO-1.jpg 1200w\" sizes=\"(max-width: 300px) 100vw, 300px\" \/><\/a>Per part de la UMH, la persona encarregada de la coordinaci\u00f3 i el seguiment d\u2019aquest conveni ser\u00e0 el professor i director del m\u00e0ster en Viticultura i Enologia, David Bernardo L\u00f3pez Lluch, mentre que per part del CDROP ser\u00e0 el seu president.<\/span><\/p>\n<p style=\"text-align: justify\"><span style=\"font-weight: 400\">A m\u00e9s, gr\u00e0cies a aquest acord, les dues entitats cooperaran en programes de formaci\u00f3 de personal; en l\u2019assessorament mutu sobre q\u00fcestions relacionades amb l\u2019activitat de totes dues entitats, i en l\u2019organitzaci\u00f3 i execuci\u00f3 d\u2019activitats comunes relacionades amb la promoci\u00f3 social de l\u2019educaci\u00f3, la cultura, la investigaci\u00f3 i el desenvolupament tecnol\u00f2gic. Tamb\u00e9 col\u00b7laboraran en l\u2019intercanvi d\u2019estudiants, professors, investigadors i personal administratiu per mitj\u00e0 de programes de cooperaci\u00f3 educativa.<\/span><\/p>\n<p><a href=\"https:\/\/comunicacion.umh.es\/files\/2025\/11\/12-11-25-convenio-regulador-DO-2.jpg\"><img loading=\"lazy\" class=\"size-medium wp-image-190600 alignleft\" src=\"https:\/\/comunicacion.umh.es\/files\/2025\/11\/12-11-25-convenio-regulador-DO-2-300x225.jpg\" alt=\"\" width=\"300\" height=\"225\" srcset=\"https:\/\/comunicacion.umh.es\/files\/2025\/11\/12-11-25-convenio-regulador-DO-2-300x225.jpg 300w, https:\/\/comunicacion.umh.es\/files\/2025\/11\/12-11-25-convenio-regulador-DO-2-1024x768.jpg 1024w, https:\/\/comunicacion.umh.es\/files\/2025\/11\/12-11-25-convenio-regulador-DO-2-768x576.jpg 768w, https:\/\/comunicacion.umh.es\/files\/2025\/11\/12-11-25-convenio-regulador-DO-2.jpg 1200w\" sizes=\"(max-width: 300px) 100vw, 300px\" \/><\/a><\/p>","protected":false},"excerpt":{"rendered":"<p>El rector de la Universitat Miguel Hern\u00e1ndez d\u2019Elx (UMH), Juan Jos\u00e9 Ruiz, i el president del Consell Regulador de la Denominaci\u00f3 d\u2019Origen Protegida d\u2019Alacant (CDROP), Jos\u00e9 Juan Reus, han signat aquest mat\u00ed un conveni marc de col\u00b7laboraci\u00f3. Mitjan\u00e7ant aquest acord, totes dues entitats col\u00b7laboraran en l\u2019execuci\u00f3 de projectes i programes educatius i culturals conjunts.<br \/>\nPer part [&#8230;]<\/p>\n","protected":false},"author":32202,"featured_media":0,"comment_status":"closed","ping_status":"open","sticky":false,"template":"","format":"standard","meta":{"ngg_post_thumbnail":0,"_links_to":"","_links_to_target":""},"categories":[43],"tags":[],"_links":{"self":[{"href":"https:\/\/comunicacion.umh.es\/ca\/wp-json\/wp\/v2\/posts\/190597"}],"collection":[{"href":"https:\/\/comunicacion.umh.es\/ca\/wp-json\/wp\/v2\/posts"}],"about":[{"href":"https:\/\/comunicacion.umh.es\/ca\/wp-json\/wp\/v2\/types\/post"}],"author":[{"embeddable":true,"href":"https:\/\/comunicacion.umh.es\/ca\/wp-json\/wp\/v2\/users\/32202"}],"replies":[{"embeddable":true,"href":"https:\/\/comunicacion.umh.es\/ca\/wp-json\/wp\/v2\/comments?post=190597"}],"version-history":[{"count":0,"href":"https:\/\/comunicacion.umh.es\/ca\/wp-json\/wp\/v2\/posts\/190597\/revisions"}],"wp:attachment":[{"href":"https:\/\/comunicacion.umh.es\/ca\/wp-json\/wp\/v2\/media?parent=190597"}],"wp:term":[{"taxonomy":"category","embeddable":true,"href":"https:\/\/comunicacion.umh.es\/ca\/wp-json\/wp\/v2\/categories?post=190597"},{"taxonomy":"post_tag","embeddable":true,"href":"https:\/\/comunicacion.umh.es\/ca\/wp-json\/wp\/v2\/tags?post=190597"}],"curies":[{"name":"wp","href":"https:\/\/api.w.org\/{rel}","templated":true}]}}