{"id":190618,"date":"2025-11-13T09:42:53","date_gmt":"2025-11-13T08:42:53","guid":{"rendered":"https:\/\/comunicacion.umh.es\/?p=190618"},"modified":"2025-11-14T09:55:34","modified_gmt":"2025-11-14T08:55:34","slug":"jornada-de-cine-el-camino-hacia-el-goya-en-el-festival-de-cine-universitario-zoom-in","status":"publish","type":"post","link":"https:\/\/comunicacion.umh.es\/ca\/2025\/11\/13\/jornada-de-cine-el-camino-hacia-el-goya-en-el-festival-de-cine-universitario-zoom-in\/","title":{"rendered":"Jornada de Cinema: El cam\u00ed cap al Goya en el Festival de Cinema Universitari Zoom In"},"content":{"rendered":"<p><\/p>\n<p style=\"text-align: justify\"><span style=\"font-weight: 400\">Cinema: El cam\u00ed cap al Goya \u00e9s la jornada que arrancar\u00e0 dem\u00e0 divendres, 14 de novembre, a les 09.15 hores a la Sala Cinemateca de l\u2019edifici la Valona del campus d\u2019Elx de la Universitat Miguel Hern\u00e1ndez (UMH). L\u2019activitat est\u00e0 organitzada en el marc del Festival de Cinema Universitari Zoom In, patrocinat per la C\u00e0tedra d\u2019An\u00e0lisi i Prospectiva de l\u2019Audiovisual (CAPA-UMH) i que compta amb la col\u00b7laboraci\u00f3 del Departament de Ci\u00e8ncies Socials i Humanes i la Facultat de Ci\u00e8ncies Socials i Jur\u00eddiques d\u2019Elx.<\/span><!--more--><\/p>\n<p style=\"text-align: justify\"><span style=\"font-weight: 400\"><a href=\"https:\/\/comunicacion.umh.es\/files\/2025\/11\/13-11-25-festival-cine-zoom-in-not.jpg\"><img loading=\"lazy\" class=\"size-medium wp-image-190621 alignleft\" src=\"https:\/\/comunicacion.umh.es\/files\/2025\/11\/13-11-25-festival-cine-zoom-in-not-300x225.jpg\" alt=\"\" width=\"300\" height=\"225\" srcset=\"https:\/\/comunicacion.umh.es\/files\/2025\/11\/13-11-25-festival-cine-zoom-in-not-300x225.jpg 300w, https:\/\/comunicacion.umh.es\/files\/2025\/11\/13-11-25-festival-cine-zoom-in-not-1024x768.jpg 1024w, https:\/\/comunicacion.umh.es\/files\/2025\/11\/13-11-25-festival-cine-zoom-in-not-768x576.jpg 768w, https:\/\/comunicacion.umh.es\/files\/2025\/11\/13-11-25-festival-cine-zoom-in-not.jpg 1200w\" sizes=\"(max-width: 300px) 100vw, 300px\" \/><\/a>Al llarg de la jornada, s\u2019oferiran projeccions, col\u00b7loquis i confer\u00e8ncies centrades en el recorregut que porta els joves creadors des de l\u2019\u00e0mbit acad\u00e8mic fins als principals cert\u00e0mens cinematogr\u00e0fics del pa\u00eds. Els assistents podran gaudir de les pel\u00b7l\u00edcules seleccionades en el festival i dialogar amb els seus equips de producci\u00f3, en un espai de partit moderat per professorat i estudiantat de la UMH.<\/span><\/p>\n<p style=\"text-align: justify\"><span style=\"font-weight: 400\">Durant la trobada, tindr\u00e0 lloc una xarrada sobre la promoci\u00f3 i el <\/span><i><span style=\"font-weight: 400\">networking<\/span><\/i><span style=\"font-weight: 400\">&nbsp;en el curtmetratge, que anir\u00e0 a c\u00e0rrec de la graduada en Comunicaci\u00f3 Audiovisual per la UMH&nbsp;Bel\u00e9n&nbsp;Hern\u00e1ndez Campuzano i del director i productor&nbsp;Alberto&nbsp;Guti\u00e9rrez D\u00edaz, que compartiran estrat\u00e8gies i experi\u00e8ncies sobre la difusi\u00f3 de projectes audiovisuals en el circuit professional, junt amb el moderador de la trobada, Jaume&nbsp;Quiles&nbsp;Campos. A m\u00e9s, es projectaran diversos curtmetratges guardonats, entre ells <\/span><i><span style=\"font-weight: 400\">Colores<\/span><\/i><span style=\"font-weight: 400\">, amb la pres\u00e8ncia de Sami Natsheh&nbsp;i Arly&nbsp;Jones; aix\u00ed com&nbsp;<\/span><i><span style=\"font-weight: 400\">Maruja<\/span><\/i><span style=\"font-weight: 400\">, del cineasta \u00c1lvaro&nbsp;Garc\u00eda&nbsp;Company, guardonat amb el primer premi en la categoria Loteries del Festival de Cinema de Sant Sebasti\u00e0. Les projeccions aniran acompanyades d\u2019una trobada posterior amb els seus directors, en la qual s\u2019abordaran els desafiaments de la creaci\u00f3 i distribuci\u00f3 cinematogr\u00e0fica contempor\u00e0nia. La clausura de la jornada inclour\u00e0 el lliurament de certificats i reconeixements als treballs premiats en el Festival Zoom In.<\/span><\/p>\n<p style=\"text-align: justify\"><span style=\"font-weight: 400\">L\u2019activitat&nbsp;est\u00e0 organitzada&nbsp;pels professors del Departament de Ci\u00e8ncies Socials i Humanes de la UMH Montserrat Jurado&nbsp;Mart\u00edn,&nbsp;Joaqu\u00edn&nbsp;Juan&nbsp;Penalva&nbsp;i&nbsp;Mar\u00eda&nbsp;Samper&nbsp;Cerd\u00e1n i compta amb la col\u00b7laboraci\u00f3 de dos estudiants de la Universitat. Segons els organitzadors, la jornada refor\u00e7a el comprom\u00eds de la CAPA-UMH amb la formaci\u00f3 audiovisual, la creativitat i el di\u00e0leg entre universitat i ind\u00fastria cultural.<\/span><\/p>\n<p><\/p>","protected":false},"excerpt":{"rendered":"<p>Cinema: El cam\u00ed cap al Goya \u00e9s la jornada que arrancar\u00e0 dem\u00e0 divendres, 14 de novembre, a les 09.15 hores a la Sala Cinemateca de l\u2019edifici la Valona del campus d\u2019Elx de la Universitat Miguel Hern\u00e1ndez (UMH). L\u2019activitat est\u00e0 organitzada en el marc del Festival de Cinema Universitari Zoom In, patrocinat per la C\u00e0tedra d\u2019An\u00e0lisi [&#8230;]<\/p>\n","protected":false},"author":32202,"featured_media":0,"comment_status":"closed","ping_status":"open","sticky":false,"template":"","format":"standard","meta":{"ngg_post_thumbnail":0,"_links_to":"","_links_to_target":""},"categories":[43],"tags":[],"_links":{"self":[{"href":"https:\/\/comunicacion.umh.es\/ca\/wp-json\/wp\/v2\/posts\/190618"}],"collection":[{"href":"https:\/\/comunicacion.umh.es\/ca\/wp-json\/wp\/v2\/posts"}],"about":[{"href":"https:\/\/comunicacion.umh.es\/ca\/wp-json\/wp\/v2\/types\/post"}],"author":[{"embeddable":true,"href":"https:\/\/comunicacion.umh.es\/ca\/wp-json\/wp\/v2\/users\/32202"}],"replies":[{"embeddable":true,"href":"https:\/\/comunicacion.umh.es\/ca\/wp-json\/wp\/v2\/comments?post=190618"}],"version-history":[{"count":0,"href":"https:\/\/comunicacion.umh.es\/ca\/wp-json\/wp\/v2\/posts\/190618\/revisions"}],"wp:attachment":[{"href":"https:\/\/comunicacion.umh.es\/ca\/wp-json\/wp\/v2\/media?parent=190618"}],"wp:term":[{"taxonomy":"category","embeddable":true,"href":"https:\/\/comunicacion.umh.es\/ca\/wp-json\/wp\/v2\/categories?post=190618"},{"taxonomy":"post_tag","embeddable":true,"href":"https:\/\/comunicacion.umh.es\/ca\/wp-json\/wp\/v2\/tags?post=190618"}],"curies":[{"name":"wp","href":"https:\/\/api.w.org\/{rel}","templated":true}]}}