{"id":190624,"date":"2025-11-13T09:46:16","date_gmt":"2025-11-13T08:46:16","guid":{"rendered":"https:\/\/comunicacion.umh.es\/?p=190624"},"modified":"2025-11-14T09:53:46","modified_gmt":"2025-11-14T08:53:46","slug":"estudiantado-del-grado-en-gestion-tecnologia-y-moda-de-la-umh-visita-en-torrellano-las-instalaciones-de-moda-re","status":"publish","type":"post","link":"https:\/\/comunicacion.umh.es\/ca\/2025\/11\/13\/estudiantado-del-grado-en-gestion-tecnologia-y-moda-de-la-umh-visita-en-torrellano-las-instalaciones-de-moda-re\/","title":{"rendered":"Estudiantat del grau en Gesti\u00f3, Tecnologia i Moda visita  a Torrellano les instal\u00b7lacions de Moda re-"},"content":{"rendered":"<p><\/p>\n<p style=\"text-align: justify\"><span style=\"font-weight: 400\">Un grup d\u2019estudiants de 2n curs del&nbsp;grau&nbsp;en Gesti\u00f3, Tecnologia i Moda de la Universitat Miguel Hern\u00e1ndez d\u2019Elx (UMH) ha visitat les instal\u00b7lacions de l\u2019empresa Moda re-, situada al parc empresarial de Torrellano, per a con\u00e9ixer com \u00e9s un projecte d\u2019economia circular. L\u2019activitat s\u2019emmarca en l\u2019assignatura de Transformaci\u00f3 Digital i Sostenibilitat, impartida per la professora Cristina Mora, qui ha acompanyat el grup fins a les instal\u00b7lacions de l\u2019empresa perqu\u00e8 comprenga els impactes del projecte, promogut per C\u00e0ritas.<\/span><!--more--><\/p>\n<p style=\"text-align: justify\"><span style=\"font-weight: 400\"><a href=\"https:\/\/comunicacion.umh.es\/files\/2025\/11\/13-11-25-visita-moda-scaled.jpg\"><img loading=\"lazy\" class=\"size-medium wp-image-190627 alignleft\" src=\"https:\/\/comunicacion.umh.es\/files\/2025\/11\/13-11-25-visita-moda-300x225.jpg\" alt=\"\" width=\"300\" height=\"225\" srcset=\"https:\/\/comunicacion.umh.es\/files\/2025\/11\/13-11-25-visita-moda-300x225.jpg 300w, https:\/\/comunicacion.umh.es\/files\/2025\/11\/13-11-25-visita-moda-1024x768.jpg 1024w, https:\/\/comunicacion.umh.es\/files\/2025\/11\/13-11-25-visita-moda-768x576.jpg 768w, https:\/\/comunicacion.umh.es\/files\/2025\/11\/13-11-25-visita-moda-1536x1152.jpg 1536w, https:\/\/comunicacion.umh.es\/files\/2025\/11\/13-11-25-visita-moda-2048x1536.jpg 2048w\" sizes=\"(max-width: 300px) 100vw, 300px\" \/><\/a>L\u2019empresa Moda&nbsp;re- genera&nbsp;ocupaci\u00f3 inclusiva a persones en risc d\u2019exclusi\u00f3 social, i les forma per a l\u2019acompliment de llocs de treball, la finalitat dels quals se centra&nbsp;a&nbsp;donar una segona vida a la roba de segona m\u00e0 i residus t\u00e8xtils, per la qual cosa el seu impacte \u00e9s ecosocial. Es basa en un model d\u2019economia circular que posa en el centre el benestar de les persones i la protecci\u00f3 del medi ambient.<\/span><\/p>\n<p><\/p>","protected":false},"excerpt":{"rendered":"<p>Un grup d\u2019estudiants de 2n curs del&nbsp;grau&nbsp;en Gesti\u00f3, Tecnologia i Moda de la Universitat Miguel Hern\u00e1ndez d\u2019Elx (UMH) ha visitat les instal\u00b7lacions de l\u2019empresa Moda re-, situada al parc empresarial de Torrellano, per a con\u00e9ixer com \u00e9s un projecte d\u2019economia circular. L\u2019activitat s\u2019emmarca en l\u2019assignatura de Transformaci\u00f3 Digital i Sostenibilitat, impartida per la professora Cristina [&#8230;]<\/p>\n","protected":false},"author":32202,"featured_media":0,"comment_status":"closed","ping_status":"open","sticky":false,"template":"","format":"standard","meta":{"ngg_post_thumbnail":0,"_links_to":"","_links_to_target":""},"categories":[43],"tags":[],"_links":{"self":[{"href":"https:\/\/comunicacion.umh.es\/ca\/wp-json\/wp\/v2\/posts\/190624"}],"collection":[{"href":"https:\/\/comunicacion.umh.es\/ca\/wp-json\/wp\/v2\/posts"}],"about":[{"href":"https:\/\/comunicacion.umh.es\/ca\/wp-json\/wp\/v2\/types\/post"}],"author":[{"embeddable":true,"href":"https:\/\/comunicacion.umh.es\/ca\/wp-json\/wp\/v2\/users\/32202"}],"replies":[{"embeddable":true,"href":"https:\/\/comunicacion.umh.es\/ca\/wp-json\/wp\/v2\/comments?post=190624"}],"version-history":[{"count":0,"href":"https:\/\/comunicacion.umh.es\/ca\/wp-json\/wp\/v2\/posts\/190624\/revisions"}],"wp:attachment":[{"href":"https:\/\/comunicacion.umh.es\/ca\/wp-json\/wp\/v2\/media?parent=190624"}],"wp:term":[{"taxonomy":"category","embeddable":true,"href":"https:\/\/comunicacion.umh.es\/ca\/wp-json\/wp\/v2\/categories?post=190624"},{"taxonomy":"post_tag","embeddable":true,"href":"https:\/\/comunicacion.umh.es\/ca\/wp-json\/wp\/v2\/tags?post=190624"}],"curies":[{"name":"wp","href":"https:\/\/api.w.org\/{rel}","templated":true}]}}