{"id":190654,"date":"2025-11-13T09:50:25","date_gmt":"2025-11-13T08:50:25","guid":{"rendered":"https:\/\/comunicacion.umh.es\/?p=190654"},"modified":"2025-11-14T09:48:36","modified_gmt":"2025-11-14T08:48:36","slug":"primera-feria-de-vinos-en-el-campus-de-orihuela-desamparados","status":"publish","type":"post","link":"https:\/\/comunicacion.umh.es\/ca\/2025\/11\/13\/primera-feria-de-vinos-en-el-campus-de-orihuela-desamparados\/","title":{"rendered":"Primera Fira de Vins d&#8217;egressats i egressades al campus d&#8217;Orihuela-Desamparados"},"content":{"rendered":"<p><\/p>\n<p style=\"text-align: justify\"><span style=\"font-weight: 400\">L\u2019edifici Tudemir&nbsp;del campus d\u2019Orihuela-Desamparados&nbsp;de la Universitat Miguel Hern\u00e1ndez (UMH) acollir\u00e0 dem\u00e0 divendres, 14 de novembre, a les 12.00 hores, la primera Fira de Vins de la UMH: vins fets per&nbsp;titulats&nbsp;i&nbsp;titulades&nbsp;de la UMH; una trobada en la qual participaran un total de 25 cellers. La Fira commemora que, en&nbsp;aquest&nbsp;curs 2025\/2026,&nbsp;es compleixen&nbsp;25&nbsp;anys de la primera promoci\u00f3 de llicenciats i llicenciades en Enologia per la UMH.<\/span><!--more--><\/p>\n<p style=\"text-align: justify\"><span style=\"font-weight: 400\"><a href=\"https:\/\/comunicacion.umh.es\/files\/2025\/11\/Tudemir-campus-Orihuela-Desamparados-2.jpg\"><img loading=\"lazy\" class=\"size-medium wp-image-190636 alignleft\" src=\"https:\/\/comunicacion.umh.es\/files\/2025\/11\/Tudemir-campus-Orihuela-Desamparados-2-300x225.jpg\" alt=\"\" width=\"300\" height=\"225\" srcset=\"https:\/\/comunicacion.umh.es\/files\/2025\/11\/Tudemir-campus-Orihuela-Desamparados-2-300x225.jpg 300w, https:\/\/comunicacion.umh.es\/files\/2025\/11\/Tudemir-campus-Orihuela-Desamparados-2-1024x768.jpg 1024w, https:\/\/comunicacion.umh.es\/files\/2025\/11\/Tudemir-campus-Orihuela-Desamparados-2-768x576.jpg 768w, https:\/\/comunicacion.umh.es\/files\/2025\/11\/Tudemir-campus-Orihuela-Desamparados-2.jpg 1200w\" sizes=\"(max-width: 300px) 100vw, 300px\" \/><\/a>La UMH va ser la primera universitat de la Comunitat Valenciana a implantar la llicenciatura d\u2019Enologia i ho va fer al campus d\u2019Orihuela-Desamparados, junt amb les ja existents, en aquell moment, Enginyeria T\u00e8cnica Agr\u00edcola, Enginyeria Agron\u00f2mica i Ci\u00e8ncia i Tecnologia dels Aliments.<\/span><\/p>\n<p style=\"text-align: justify\"><span style=\"font-weight: 400\">La primera Fira de Vins de la UMH servir\u00e0 com un retrobament al campus oriol\u00e0 per a companys, professors i personal que van formar part de l\u2019etapa en la qual es va impartir la llicenciatura. A m\u00e9s, les persones assistents podran descobrir i degustar els vins elaborats per&nbsp;titulats&nbsp;de la UMH i con\u00e9ixer les \u00faltimes tend\u00e8ncies enol\u00f2giques.<\/span><\/p>\n<p style=\"text-align: justify\"><span style=\"font-weight: 400\">La UMH ha transformat la llicenciatura en Enologia en el&nbsp;m\u00e0ster universitari&nbsp;en Viticultura i Enologia. Entre els&nbsp;titulats&nbsp;de la UMH, alguns i algunes destaquen per fer el millor vi de&nbsp;Rueda&nbsp;en&nbsp;aquests&nbsp;moments; campions del m\u00f3n de Tast a Cegues en 2015; uns altres que elaboren vins a Loira i Sic\u00edlia o que atresoren premis a Ribera del Duero. A m\u00e9s d\u2019haver-hi titulats i&nbsp;titulades&nbsp;que treballen en cellers, uns altres es troben en centres d\u2019investigaci\u00f3, en doc\u00e8ncia, en assessoria i, en definitiva, en totes les activitats vinculades al m\u00f3n de la vinya i el vi.<\/span><\/p>\n<p><\/p>","protected":false},"excerpt":{"rendered":"<p>L\u2019edifici Tudemir&nbsp;del campus d\u2019Orihuela-Desamparados&nbsp;de la Universitat Miguel Hern\u00e1ndez (UMH) acollir\u00e0 dem\u00e0 divendres, 14 de novembre, a les 12.00 hores, la primera Fira de Vins de la UMH: vins fets per&nbsp;titulats&nbsp;i&nbsp;titulades&nbsp;de la UMH; una trobada en la qual participaran un total de 25 cellers. La Fira commemora que, en&nbsp;aquest&nbsp;curs 2025\/2026,&nbsp;es compleixen&nbsp;25&nbsp;anys de la primera promoci\u00f3 de [&#8230;]<\/p>\n","protected":false},"author":32202,"featured_media":0,"comment_status":"closed","ping_status":"open","sticky":false,"template":"","format":"standard","meta":{"ngg_post_thumbnail":0,"_links_to":"","_links_to_target":""},"categories":[43],"tags":[],"_links":{"self":[{"href":"https:\/\/comunicacion.umh.es\/ca\/wp-json\/wp\/v2\/posts\/190654"}],"collection":[{"href":"https:\/\/comunicacion.umh.es\/ca\/wp-json\/wp\/v2\/posts"}],"about":[{"href":"https:\/\/comunicacion.umh.es\/ca\/wp-json\/wp\/v2\/types\/post"}],"author":[{"embeddable":true,"href":"https:\/\/comunicacion.umh.es\/ca\/wp-json\/wp\/v2\/users\/32202"}],"replies":[{"embeddable":true,"href":"https:\/\/comunicacion.umh.es\/ca\/wp-json\/wp\/v2\/comments?post=190654"}],"version-history":[{"count":0,"href":"https:\/\/comunicacion.umh.es\/ca\/wp-json\/wp\/v2\/posts\/190654\/revisions"}],"wp:attachment":[{"href":"https:\/\/comunicacion.umh.es\/ca\/wp-json\/wp\/v2\/media?parent=190654"}],"wp:term":[{"taxonomy":"category","embeddable":true,"href":"https:\/\/comunicacion.umh.es\/ca\/wp-json\/wp\/v2\/categories?post=190654"},{"taxonomy":"post_tag","embeddable":true,"href":"https:\/\/comunicacion.umh.es\/ca\/wp-json\/wp\/v2\/tags?post=190654"}],"curies":[{"name":"wp","href":"https:\/\/api.w.org\/{rel}","templated":true}]}}