{"id":190676,"date":"2025-11-14T09:19:05","date_gmt":"2025-11-14T08:19:05","guid":{"rendered":"https:\/\/comunicacion.umh.es\/?p=190676"},"modified":"2025-11-14T14:03:19","modified_gmt":"2025-11-14T13:03:19","slug":"la-umh-participa-en-el-xxiv-encuentro-de-rectores-del-grupo-de-tordesillas-celebrado-en-belo-horizonte-brasil","status":"publish","type":"post","link":"https:\/\/comunicacion.umh.es\/ca\/2025\/11\/14\/la-umh-participa-en-el-xxiv-encuentro-de-rectores-del-grupo-de-tordesillas-celebrado-en-belo-horizonte-brasil\/","title":{"rendered":"La UMH participa en la XXIV Trobada de Rectors del Grup Tordesillas, celebrat a Belo Horizonte (el Brasil)"},"content":{"rendered":"<p><\/p>\n<p style=\"text-align: justify\">La directora de l\u2019\u00c0rea de Postgrau Internacional del Vicerectorat d\u2019Internacionalitzaci\u00f3 i Cooperaci\u00f3 de la Universitat Miguel Hern\u00e1ndez d\u2019Elx (UMH), Mar\u00eda Pastor, ha assistit a la XXIV Trobada de Rectors del Grup Tordesillas en representaci\u00f3 de la UMH. La sessi\u00f3, celebrada a Belo Horizonte (el Brasil) sota el t\u00edtol \u00abLa Universitat del Futur i el Futur de la Universitat: intel\u00b7lig\u00e8ncia artificial\u00bb, ha reunit 40 universitats d\u2019Espanya, Portugal i el Brasil.<!--more--><\/p>\n<p style=\"text-align: justify\"><a href=\"https:\/\/comunicacion.umh.es\/files\/2025\/11\/14-11-25-encuentro-rectores-not.jpg\"><img loading=\"lazy\" class=\"alignleft size-medium wp-image-190679\" src=\"https:\/\/comunicacion.umh.es\/files\/2025\/11\/14-11-25-encuentro-rectores-not-300x225.jpg\" alt=\"\" width=\"300\" height=\"225\" srcset=\"https:\/\/comunicacion.umh.es\/files\/2025\/11\/14-11-25-encuentro-rectores-not-300x225.jpg 300w, https:\/\/comunicacion.umh.es\/files\/2025\/11\/14-11-25-encuentro-rectores-not-1024x768.jpg 1024w, https:\/\/comunicacion.umh.es\/files\/2025\/11\/14-11-25-encuentro-rectores-not-768x576.jpg 768w, https:\/\/comunicacion.umh.es\/files\/2025\/11\/14-11-25-encuentro-rectores-not.jpg 1200w\" sizes=\"(max-width: 300px) 100vw, 300px\" \/><\/a>Els participants han debatut sobre els reptes i les oportunitats que la intel\u00b7lig\u00e8ncia artificial (IA) planteja per a l\u2019educaci\u00f3 superior en un context global en r\u00e0pida transformaci\u00f3. Durant les jornades, els rectors i representants institucionals han reflexionat sobre el paper de la universitat en una era marcada per la digitalitzaci\u00f3 i han destacat la import\u00e0ncia d\u2019incorporar l\u2019\u00e8tica i la inclusi\u00f3 com a eixos centrals del desenvolupament tecnol\u00f2gic i educatiu.<\/p>\n<p style=\"text-align: justify\">Les institucions han coincidit que el futur de la universitat passa per una integraci\u00f3 equilibrada entre la innovaci\u00f3, els valors humans i la responsabilitat social. Durant la intervenci\u00f3, Mar\u00eda Pastor ha presentat els resultats del Col\u00b7legi Doctoral Tordesillas (CDT) i els projectes futurs impulsats des d\u2019aquesta xarxa acad\u00e8mica i ha mantingut trobades amb representants de diverses universitats interessades a participar-hi.<\/p>\n<p style=\"text-align: justify\">El Grup Tordesillas, fundat l\u2019any 2000, promou la cooperaci\u00f3 cient\u00edfica i cultural entre universitats d\u2019Espanya, Portugal i el Brasil. La seua vint-i-quatrena edici\u00f3 va reafirmar el valor del di\u00e0leg, la cooperaci\u00f3 internacional i la innovaci\u00f3 compartida com a pilars per a construir una educaci\u00f3 superior m\u00e9s humana, inclusiva i sostenible.<\/p>\n<p>&nbsp;<\/p>","protected":false},"excerpt":{"rendered":"<p>La directora de l\u2019\u00c0rea de Postgrau Internacional del Vicerectorat d\u2019Internacionalitzaci\u00f3 i Cooperaci\u00f3 de la Universitat Miguel Hern\u00e1ndez d\u2019Elx (UMH), Mar\u00eda Pastor, ha assistit a la XXIV Trobada de Rectors del Grup Tordesillas en representaci\u00f3 de la UMH. La sessi\u00f3, celebrada a Belo Horizonte (el Brasil) sota el t\u00edtol \u00abLa Universitat del Futur i el Futur [&#8230;]<\/p>\n","protected":false},"author":32202,"featured_media":0,"comment_status":"closed","ping_status":"open","sticky":false,"template":"","format":"standard","meta":{"ngg_post_thumbnail":0,"_links_to":"","_links_to_target":""},"categories":[43],"tags":[],"_links":{"self":[{"href":"https:\/\/comunicacion.umh.es\/ca\/wp-json\/wp\/v2\/posts\/190676"}],"collection":[{"href":"https:\/\/comunicacion.umh.es\/ca\/wp-json\/wp\/v2\/posts"}],"about":[{"href":"https:\/\/comunicacion.umh.es\/ca\/wp-json\/wp\/v2\/types\/post"}],"author":[{"embeddable":true,"href":"https:\/\/comunicacion.umh.es\/ca\/wp-json\/wp\/v2\/users\/32202"}],"replies":[{"embeddable":true,"href":"https:\/\/comunicacion.umh.es\/ca\/wp-json\/wp\/v2\/comments?post=190676"}],"version-history":[{"count":0,"href":"https:\/\/comunicacion.umh.es\/ca\/wp-json\/wp\/v2\/posts\/190676\/revisions"}],"wp:attachment":[{"href":"https:\/\/comunicacion.umh.es\/ca\/wp-json\/wp\/v2\/media?parent=190676"}],"wp:term":[{"taxonomy":"category","embeddable":true,"href":"https:\/\/comunicacion.umh.es\/ca\/wp-json\/wp\/v2\/categories?post=190676"},{"taxonomy":"post_tag","embeddable":true,"href":"https:\/\/comunicacion.umh.es\/ca\/wp-json\/wp\/v2\/tags?post=190676"}],"curies":[{"name":"wp","href":"https:\/\/api.w.org\/{rel}","templated":true}]}}