{"id":190682,"date":"2025-11-14T09:21:19","date_gmt":"2025-11-14T08:21:19","guid":{"rendered":"https:\/\/comunicacion.umh.es\/?p=190682"},"modified":"2025-11-14T14:00:51","modified_gmt":"2025-11-14T13:00:51","slug":"ii-jornadas-cientificas-sobre-alta-capacidad-intelectual-tejiendo-redes-entre-familia-y-escuela-para-impulsar-el-potencial","status":"publish","type":"post","link":"https:\/\/comunicacion.umh.es\/ca\/2025\/11\/14\/ii-jornadas-cientificas-sobre-alta-capacidad-intelectual-tejiendo-redes-entre-familia-y-escuela-para-impulsar-el-potencial\/","title":{"rendered":"II Jornades Cient\u00edfiques sobre Alta Capacitat Intel\u00b7lectual: \u00abTeixint xarxes entre fam\u00edlia i escola per a impulsar el potencial\u00bb"},"content":{"rendered":"<p><\/p>\n<p style=\"text-align: justify\">\u00abTeixint xarxes entre fam\u00edlia i escola per a impulsar el potencial\u00bb \u00e9s el t\u00edtol de les II Jornades Cient\u00edfiques sobre Alta Capacitat Intel\u00b7lectual, organitzades per l\u2019Associaci\u00f3 Altes Capacitats i Talents de Llevant (ACYTAL Llevant), el Vicerectorat d\u2019Estudiants i Coordinaci\u00f3 de la Universitat Miguel Hern\u00e1ndez d\u2019Elx (UMH) i el CEIP Llu\u00eds Vives. L\u2019esdeveniment s\u2019ha celebrat a l\u2019Aula Magna de l\u2019edifici Altabix del campus d\u2019Elx.<!--more--><\/p>\n<p style=\"text-align: justify\"><a href=\"https:\/\/comunicacion.umh.es\/files\/2025\/11\/14-11-25-jornada-capacidad-intelectual-not.jpg\"><img loading=\"lazy\" class=\"alignleft size-medium wp-image-190685\" src=\"https:\/\/comunicacion.umh.es\/files\/2025\/11\/14-11-25-jornada-capacidad-intelectual-not-300x225.jpg\" alt=\"\" width=\"300\" height=\"225\" srcset=\"https:\/\/comunicacion.umh.es\/files\/2025\/11\/14-11-25-jornada-capacidad-intelectual-not-300x225.jpg 300w, https:\/\/comunicacion.umh.es\/files\/2025\/11\/14-11-25-jornada-capacidad-intelectual-not-1024x768.jpg 1024w, https:\/\/comunicacion.umh.es\/files\/2025\/11\/14-11-25-jornada-capacidad-intelectual-not-768x576.jpg 768w, https:\/\/comunicacion.umh.es\/files\/2025\/11\/14-11-25-jornada-capacidad-intelectual-not.jpg 1200w\" sizes=\"(max-width: 300px) 100vw, 300px\" \/><\/a>El vicerector d\u2019Estudiants i Coordinaci\u00f3 de la UMH, Jos\u00e9 Juan L\u00f3pez, la vicerectora adjunta d\u2019Estudiants de la UMH, Bego\u00f1a Ivars, i la presidenta de l\u2019associaci\u00f3 ACYTAL Llevant, Sonia Bayo, han inaugurat les jornades.<\/p>\n<p style=\"text-align: justify\">L\u2019esdeveniment ha suposat un punt de trobada entre la comunitat educativa, que inclou les fam\u00edlies com a element de suport emocional de l\u2019alumnat, aix\u00ed com els centres educatius i l\u2019alumnat amb alta capacitat intel\u00b7lectual. Durant dos dies, s\u2019han programat xarrades i debats amb un total de 12 ponents. Entre d\u2019altres, Sonia Bayo ha impartit la xarrada \u00abNecessitats de les fam\u00edlies i l\u2019associacionisme: i ara qu\u00e8?\u00bb; l\u2019equip impulsor de Connectats en el CEIP Llu\u00eds Vives ha intervingut amb la pon\u00e8ncia \u00abJunts som escola\u00bb, i Bego\u00f1a Ivars ha dissertat sobre \u00abAlta capacitat intel\u00b7lectual i la UMH\u00bb.<\/p>\n<p style=\"text-align: justify\">En el final de cada jornada, han tingut lloc dues taules redones: una adre\u00e7ada a fam\u00edlies i una altra adre\u00e7ada a professionals, per a parlar de les experi\u00e8ncies personals a l\u2019hora d\u2019implementar mesures d\u2019atenci\u00f3 a la diversitat en els centres educatius. L\u2019esdeveniment ha comptat tamb\u00e9 amb la col\u00b7laboraci\u00f3 dels centres de formaci\u00f3, innovaci\u00f3 i recursos educatius (CEFIRE), Educorienta Almorad\u00ed, l\u2019IES Platja de Sant Joan (Alacant), el centre multidisciplinari SUBRIDE i el suport de la Unitat Especialitzada d\u2019Orientaci\u00f3 de X\u00e0tiva i Connectats al Talent.<\/p>\n<p style=\"text-align: justify\">Paral\u00b7lelament, la vicerectora adjunta d\u2019Estudiants de la UMH, Bego\u00f1a Ivars, ha presentat les diferents iniciatives que la Universitat ofereix orientades a les altes capacitats intel\u00b7lectuals. D\u2019una banda, ha presentat el programa d\u2019enriquiment intel\u00b7lectual \u00abEstimula la teua ment\u00bb, adre\u00e7at a alumnat des de 3r de prim\u00e0ria fins a l\u2019etapa preuniversit\u00e0ria, al qual segueix el programa \u00abLeta\u00bb, adre\u00e7at a l\u2019estudiantat UMH en la seua etapa universit\u00e0ria. A m\u00e9s, per al professorat de la UMH, es du a terme el curs de formaci\u00f3 en innovaci\u00f3 docent i excel\u00b7l\u00e8ncia educativa titulat \u00abCom entendre i treballar amb l\u2019estudiantat d\u2019altes capacitats a l\u2019aula durant la seua etapa universit\u00e0ria\u00bb, aix\u00ed com la microcredencial \u00abAula inclusiva: alumnat amb necessitats espec\u00edfiques de suport educatiu\u00bb, que s\u2019adre\u00e7a a l\u2019estudiantat del m\u00e0ster de professorat, aix\u00ed com al professorat dels IES.<\/p>\n<p>&nbsp;<\/p>\n<p>&nbsp;<\/p>","protected":false},"excerpt":{"rendered":"<p>\u00abTeixint xarxes entre fam\u00edlia i escola per a impulsar el potencial\u00bb \u00e9s el t\u00edtol de les II Jornades Cient\u00edfiques sobre Alta Capacitat Intel\u00b7lectual, organitzades per l\u2019Associaci\u00f3 Altes Capacitats i Talents de Llevant (ACYTAL Llevant), el Vicerectorat d\u2019Estudiants i Coordinaci\u00f3 de la Universitat Miguel Hern\u00e1ndez d\u2019Elx (UMH) i el CEIP Llu\u00eds Vives. L\u2019esdeveniment s\u2019ha celebrat a [&#8230;]<\/p>\n","protected":false},"author":32202,"featured_media":0,"comment_status":"closed","ping_status":"open","sticky":false,"template":"","format":"standard","meta":{"ngg_post_thumbnail":0,"_links_to":"","_links_to_target":""},"categories":[43],"tags":[],"_links":{"self":[{"href":"https:\/\/comunicacion.umh.es\/ca\/wp-json\/wp\/v2\/posts\/190682"}],"collection":[{"href":"https:\/\/comunicacion.umh.es\/ca\/wp-json\/wp\/v2\/posts"}],"about":[{"href":"https:\/\/comunicacion.umh.es\/ca\/wp-json\/wp\/v2\/types\/post"}],"author":[{"embeddable":true,"href":"https:\/\/comunicacion.umh.es\/ca\/wp-json\/wp\/v2\/users\/32202"}],"replies":[{"embeddable":true,"href":"https:\/\/comunicacion.umh.es\/ca\/wp-json\/wp\/v2\/comments?post=190682"}],"version-history":[{"count":0,"href":"https:\/\/comunicacion.umh.es\/ca\/wp-json\/wp\/v2\/posts\/190682\/revisions"}],"wp:attachment":[{"href":"https:\/\/comunicacion.umh.es\/ca\/wp-json\/wp\/v2\/media?parent=190682"}],"wp:term":[{"taxonomy":"category","embeddable":true,"href":"https:\/\/comunicacion.umh.es\/ca\/wp-json\/wp\/v2\/categories?post=190682"},{"taxonomy":"post_tag","embeddable":true,"href":"https:\/\/comunicacion.umh.es\/ca\/wp-json\/wp\/v2\/tags?post=190682"}],"curies":[{"name":"wp","href":"https:\/\/api.w.org\/{rel}","templated":true}]}}