{"id":190688,"date":"2025-11-14T09:23:53","date_gmt":"2025-11-14T08:23:53","guid":{"rendered":"https:\/\/comunicacion.umh.es\/?p=190688"},"modified":"2025-11-14T13:59:11","modified_gmt":"2025-11-14T12:59:11","slug":"el-profesor-pedro-zapater-nuevo-presidente-de-la-sociedad-espanola-de-farmacologia-clinica","status":"publish","type":"post","link":"https:\/\/comunicacion.umh.es\/ca\/2025\/11\/14\/el-profesor-pedro-zapater-nuevo-presidente-de-la-sociedad-espanola-de-farmacologia-clinica\/","title":{"rendered":"El professor de la UMH Pedro Zapater, nou president de la Societat Espanyola de Farmacologia Cl\u00ednica"},"content":{"rendered":"<p><\/p>\n<p style=\"text-align: justify\">La Societat Espanyola de Farmacologia Cl\u00ednica (SEFC) ha renovat la Junta Directiva durant l\u2019\u00faltima assemblea general, en la qual s\u2019ha nomenat president el catedr\u00e0tic de l\u2019\u00c0rea de Farmacologia de la Universitat Miguel Hern\u00e1ndez d\u2019Elx (UMH) i cap de secci\u00f3 de Farmacologia Cl\u00ednica de l\u2019Hospital General Universitari Dr. Balmis d\u2019Alacant, Pedro Zapater. El professor de la UMH, Zapater, succeeix en el c\u00e0rrec la cap de secci\u00f3 de Farmacologia Cl\u00ednica a l\u2019Hospital Universitari Vall d\u2019Hebron de Barcelona, Ant\u00f2nia Agust\u00ed, la qual ha presidit la SEFC des de 2019.<!--more--><\/p>\n<p style=\"text-align: justify\"><a href=\"https:\/\/comunicacion.umh.es\/files\/2025\/11\/14-11-25-nueva-junta-farmacologia-not.jpg\"><img loading=\"lazy\" class=\"alignleft size-medium wp-image-190691\" src=\"https:\/\/comunicacion.umh.es\/files\/2025\/11\/14-11-25-nueva-junta-farmacologia-not-300x225.jpg\" alt=\"\" width=\"300\" height=\"225\" srcset=\"https:\/\/comunicacion.umh.es\/files\/2025\/11\/14-11-25-nueva-junta-farmacologia-not-300x225.jpg 300w, https:\/\/comunicacion.umh.es\/files\/2025\/11\/14-11-25-nueva-junta-farmacologia-not-1024x768.jpg 1024w, https:\/\/comunicacion.umh.es\/files\/2025\/11\/14-11-25-nueva-junta-farmacologia-not-768x576.jpg 768w, https:\/\/comunicacion.umh.es\/files\/2025\/11\/14-11-25-nueva-junta-farmacologia-not.jpg 1200w\" sizes=\"(max-width: 300px) 100vw, 300px\" \/><\/a>La nova junta directiva ha presentat una proposta en qu\u00e8 prioritza potenciar el paper del farmac\u00f2leg cl\u00ednic en els diferents nivells i fases de la presa de decisions sobre medicaments. Uns altres objectius seran l\u2019impuls de la investigaci\u00f3 i el desenvolupament de la dimensi\u00f3 docent inherent a l\u2019especialitat. Segons ha indicat el nou president de la SEFC, Pedro Zapater, \u201csens dubte, la farmacologia cl\u00ednica \u00e9s clau en la millora de la presa de decisions i a l\u2019hora de garantir l\u2019equitat en l\u2019acc\u00e9s a tractaments, ja que proporciona les eines que permeten optimitzar l\u2019elecci\u00f3 del millor f\u00e0rmac per a cada pacient, segons les seues caracter\u00edstiques individuals. Aix\u00f2 s\u2019aconsegueix mitjan\u00e7ant la investigaci\u00f3 cl\u00ednica i el desenvolupament de nous medicaments i l\u2019\u00fas d\u2019eines com la farmacovigil\u00e0ncia, la farmacocin\u00e8tica, la farmacodin\u00e0mia, la farmacogen\u00e8tica i&nbsp; farmacogen\u00f2mica i altres que ens ajuden a triar el f\u00e0rmac amb la millor relaci\u00f3 benefici-risc per a un pacient concret i ens permeten monitorar adequadament la resposta del pacient al tractament\u201d. A m\u00e9s, la farmacologia cl\u00ednica empra eines com la farmacoeconomia, la farmacoepidemiologia i la metodologia per a l\u2019avaluaci\u00f3 de medicaments. \u201cAquestes ci\u00e8ncies permeten a les institucions i als professionals sanitaris prendre decisions racionals sobre el medicament m\u00e9s eficient que cal usar per a garantir als pacients una assist\u00e8ncia de qualitat, equitativa i sostenible\u201d, ha recalcat Zapater.<\/p>\n<p style=\"text-align: justify\">Entre les prioritats de la nova directiva, tamb\u00e9 es preveu afavorir i potenciar les activitats del grup de Farmacovigil\u00e0ncia de la Societat, creat per la Junta Directiva presidida per la doctora Agust\u00ed en el seu objectiu d\u2019integrar i potenciar totes les activitats assistencials, d\u2019investigaci\u00f3 i doc\u00e8ncia en farmacovigil\u00e0ncia que desenvolupen els diferents serveis de farmacologia cl\u00ednica d\u2019Espanya.<\/p>\n<p style=\"text-align: justify\">El tercer repte est\u00e0 vinculat a la informaci\u00f3 que reben els pacients: \u201cMolts usos inadequats de medicaments es deuen a la desinformaci\u00f3, especialment en l\u2019era de l\u2019exc\u00e9s d\u2019informaci\u00f3 no filtrada en internet\u201d. Per aix\u00f2, la SEFC impulsar\u00e0 accions per a millorar l\u2019educaci\u00f3 terap\u00e8utica i el paper actiu dels pacients en la seua salut.<\/p>\n<p style=\"text-align: justify\">La SEFC \u00e9s la societat cient\u00edfica que representa els metges especialistes en farmacologia cl\u00ednica amb l\u2019objectiu de millorar la utilitzaci\u00f3 i investigaci\u00f3 de f\u00e0rmacs, mitjan\u00e7ant l\u2019impuls del desenvolupament de la farmacologia cl\u00ednica com a especialitat m\u00e8dica i potenciar-ne l\u2019activitat en tots els \u00e0mbits del Sistema Nacional de Salut (SNS). En l\u2019actualitat, la SEFC compta amb especialistes en diferents \u00e0mbits com la individualitzaci\u00f3 dels tractaments i millora de la terap\u00e8utica; els assajos cl\u00ednics i investigaci\u00f3 de medicaments; l\u2019autoritzaci\u00f3 i regulaci\u00f3 de medicaments; la selecci\u00f3 i exc\u00e9s de medicaments en l\u2019SNS; la farmacovigil\u00e0ncia o la farmacoeconomia.<\/p>\n<p style=\"text-align: justify\">La SEFC \u00e9s membre de l\u2019EACPT (European Association for Clinical Pharmacology and Therapeutics), de FACME (Federaci\u00f3 de Societats Cientificom\u00e8diques Espanyoles) i de la IUPHAR (International Union of Basic and Clinical Pharmacology).<\/p>\n<p style=\"text-align: justify\">&nbsp;<\/p>\n<p style=\"text-align: justify\">&nbsp;<\/p>\n<p><\/p>","protected":false},"excerpt":{"rendered":"<p>La Societat Espanyola de Farmacologia Cl\u00ednica (SEFC) ha renovat la Junta Directiva durant l\u2019\u00faltima assemblea general, en la qual s\u2019ha nomenat president el catedr\u00e0tic de l\u2019\u00c0rea de Farmacologia de la Universitat Miguel Hern\u00e1ndez d\u2019Elx (UMH) i cap de secci\u00f3 de Farmacologia Cl\u00ednica de l\u2019Hospital General Universitari Dr. Balmis d\u2019Alacant, Pedro Zapater. El professor de la [&#8230;]<\/p>\n","protected":false},"author":32202,"featured_media":0,"comment_status":"closed","ping_status":"open","sticky":false,"template":"","format":"standard","meta":{"ngg_post_thumbnail":0,"_links_to":"","_links_to_target":""},"categories":[43],"tags":[],"_links":{"self":[{"href":"https:\/\/comunicacion.umh.es\/ca\/wp-json\/wp\/v2\/posts\/190688"}],"collection":[{"href":"https:\/\/comunicacion.umh.es\/ca\/wp-json\/wp\/v2\/posts"}],"about":[{"href":"https:\/\/comunicacion.umh.es\/ca\/wp-json\/wp\/v2\/types\/post"}],"author":[{"embeddable":true,"href":"https:\/\/comunicacion.umh.es\/ca\/wp-json\/wp\/v2\/users\/32202"}],"replies":[{"embeddable":true,"href":"https:\/\/comunicacion.umh.es\/ca\/wp-json\/wp\/v2\/comments?post=190688"}],"version-history":[{"count":0,"href":"https:\/\/comunicacion.umh.es\/ca\/wp-json\/wp\/v2\/posts\/190688\/revisions"}],"wp:attachment":[{"href":"https:\/\/comunicacion.umh.es\/ca\/wp-json\/wp\/v2\/media?parent=190688"}],"wp:term":[{"taxonomy":"category","embeddable":true,"href":"https:\/\/comunicacion.umh.es\/ca\/wp-json\/wp\/v2\/categories?post=190688"},{"taxonomy":"post_tag","embeddable":true,"href":"https:\/\/comunicacion.umh.es\/ca\/wp-json\/wp\/v2\/tags?post=190688"}],"curies":[{"name":"wp","href":"https:\/\/api.w.org\/{rel}","templated":true}]}}