{"id":190757,"date":"2025-11-18T12:00:58","date_gmt":"2025-11-18T11:00:58","guid":{"rendered":"https:\/\/comunicacion.umh.es\/?p=190757"},"modified":"2025-11-20T11:49:15","modified_gmt":"2025-11-20T10:49:15","slug":"la-revista-mhjournal-otorga-dos-galardones-para-reconocer-a-sus-mejores-revisores-de-2025","status":"publish","type":"post","link":"https:\/\/comunicacion.umh.es\/ca\/2025\/11\/18\/la-revista-mhjournal-otorga-dos-galardones-para-reconocer-a-sus-mejores-revisores-de-2025\/","title":{"rendered":"La revista MHJournal atorga dos guardons per a recon\u00e9ixer els seus millors revisors de 2025"},"content":{"rendered":"<p><\/p>\n<p style=\"text-align: justify\"><span style=\"font-weight: 400\">La revista del Departament de Ci\u00e8ncies Socials i Humanes, <\/span><i><span style=\"font-weight: 400\">Miguel Hern\u00e1ndez Communication Journal<\/span><\/i><span style=\"font-weight: 400\">, en col\u00b7laboraci\u00f3 amb el Vicerectorat d\u2019Investigaci\u00f3 de la Universitat Miguel Hern\u00e1ndez d\u2019Elx (UMH), ha anunciat els guardonats amb les millors revisions de 2025. Els millor valorats han sigut els investigadors Julia Magdalena Piechocki-Sierra, de la Universitat de Salamanca, i Luis N. Sanguinet Garc\u00eda, de la Universitat Rey Juan Carlos de Madrid. El premi est\u00e0 dotat amb 150 euros per a cadascun dels guardonats.<\/span><!--more--><\/p>\n<p style=\"text-align: justify\"><span style=\"font-weight: 400\"><a href=\"https:\/\/comunicacion.umh.es\/files\/2025\/11\/18-11-25-premio-revisores-2-retocada.jpg\"><img loading=\"lazy\" class=\"size-medium wp-image-190772 alignleft\" src=\"https:\/\/comunicacion.umh.es\/files\/2025\/11\/18-11-25-premio-revisores-2-retocada-300x225.jpg\" alt=\"\" width=\"300\" height=\"225\" srcset=\"https:\/\/comunicacion.umh.es\/files\/2025\/11\/18-11-25-premio-revisores-2-retocada-300x225.jpg 300w, https:\/\/comunicacion.umh.es\/files\/2025\/11\/18-11-25-premio-revisores-2-retocada-1024x768.jpg 1024w, https:\/\/comunicacion.umh.es\/files\/2025\/11\/18-11-25-premio-revisores-2-retocada-768x576.jpg 768w, https:\/\/comunicacion.umh.es\/files\/2025\/11\/18-11-25-premio-revisores-2-retocada.jpg 1200w\" sizes=\"(max-width: 300px) 100vw, 300px\" \/><\/a>El treball de revisi\u00f3 i avaluaci\u00f3 d\u2019articles de les revistes cient\u00edfiques \u00e9s fonamental en el proc\u00e9s de publicaci\u00f3, ja que garanteix la qualitat dels continguts que s\u2019hi publiquen, aix\u00ed com la transpar\u00e8ncia en el proc\u00e9s de revisi\u00f3 d\u2019experts.<\/span><\/p>\n<p><\/p>","protected":false},"excerpt":{"rendered":"<p>La revista del Departament de Ci\u00e8ncies Socials i Humanes, Miguel Hern\u00e1ndez Communication Journal, en col\u00b7laboraci\u00f3 amb el Vicerectorat d\u2019Investigaci\u00f3 de la Universitat Miguel Hern\u00e1ndez d\u2019Elx (UMH), ha anunciat els guardonats amb les millors revisions de 2025. Els millor valorats han sigut els investigadors Julia Magdalena Piechocki-Sierra, de la Universitat de Salamanca, i Luis N. Sanguinet [&#8230;]<\/p>\n","protected":false},"author":32202,"featured_media":0,"comment_status":"closed","ping_status":"open","sticky":false,"template":"","format":"standard","meta":{"ngg_post_thumbnail":0,"_links_to":"","_links_to_target":""},"categories":[43],"tags":[],"_links":{"self":[{"href":"https:\/\/comunicacion.umh.es\/ca\/wp-json\/wp\/v2\/posts\/190757"}],"collection":[{"href":"https:\/\/comunicacion.umh.es\/ca\/wp-json\/wp\/v2\/posts"}],"about":[{"href":"https:\/\/comunicacion.umh.es\/ca\/wp-json\/wp\/v2\/types\/post"}],"author":[{"embeddable":true,"href":"https:\/\/comunicacion.umh.es\/ca\/wp-json\/wp\/v2\/users\/32202"}],"replies":[{"embeddable":true,"href":"https:\/\/comunicacion.umh.es\/ca\/wp-json\/wp\/v2\/comments?post=190757"}],"version-history":[{"count":0,"href":"https:\/\/comunicacion.umh.es\/ca\/wp-json\/wp\/v2\/posts\/190757\/revisions"}],"wp:attachment":[{"href":"https:\/\/comunicacion.umh.es\/ca\/wp-json\/wp\/v2\/media?parent=190757"}],"wp:term":[{"taxonomy":"category","embeddable":true,"href":"https:\/\/comunicacion.umh.es\/ca\/wp-json\/wp\/v2\/categories?post=190757"},{"taxonomy":"post_tag","embeddable":true,"href":"https:\/\/comunicacion.umh.es\/ca\/wp-json\/wp\/v2\/tags?post=190757"}],"curies":[{"name":"wp","href":"https:\/\/api.w.org\/{rel}","templated":true}]}}