{"id":190760,"date":"2025-11-18T12:02:33","date_gmt":"2025-11-18T11:02:33","guid":{"rendered":"https:\/\/comunicacion.umh.es\/?p=190760"},"modified":"2025-11-20T11:48:01","modified_gmt":"2025-11-20T10:48:01","slug":"iii-jornada-de-cine-africano-olvido-memoria-y-restitucion","status":"publish","type":"post","link":"https:\/\/comunicacion.umh.es\/ca\/2025\/11\/18\/iii-jornada-de-cine-africano-olvido-memoria-y-restitucion\/","title":{"rendered":"III Jornada de Cinema Afric\u00e0: Oblit, Mem\u00f2ria i Restituci\u00f3"},"content":{"rendered":"<p><\/p>\n<p style=\"text-align: justify\"><span style=\"font-weight: 400\">La C\u00e0tedra d\u2019An\u00e0lisi i Prospectiva Audiovisual de la Universitat Miguel Hern\u00e1ndez d\u2019Elx (UMH) ha organitzat la III Jornada de Cinema Afric\u00e0, que tindr\u00e0 lloc dem\u00e0, 19 de novembre, en la cinemateca de l\u2019edifici la Valona del campus d\u2019Elx. La jornada \u00e9s un espai de trobada amb la producci\u00f3 cinematogr\u00e0fica provinent del continent afric\u00e0 i de la seua di\u00e0spora, una invitaci\u00f3 a explorar des de la mirada del Sud els buits de la realitat que han acabat invisibilitzats.<\/span><!--more--><\/p>\n<p style=\"text-align: justify\"><span style=\"font-weight: 400\"><a href=\"https:\/\/comunicacion.umh.es\/files\/2025\/11\/18-11-25-jornadas-cine-africano-retocada.jpg\"><img loading=\"lazy\" class=\"size-medium wp-image-190763 alignleft\" src=\"https:\/\/comunicacion.umh.es\/files\/2025\/11\/18-11-25-jornadas-cine-africano-retocada-300x225.jpg\" alt=\"\" width=\"300\" height=\"225\" srcset=\"https:\/\/comunicacion.umh.es\/files\/2025\/11\/18-11-25-jornadas-cine-africano-retocada-300x225.jpg 300w, https:\/\/comunicacion.umh.es\/files\/2025\/11\/18-11-25-jornadas-cine-africano-retocada-1024x768.jpg 1024w, https:\/\/comunicacion.umh.es\/files\/2025\/11\/18-11-25-jornadas-cine-africano-retocada-768x576.jpg 768w, https:\/\/comunicacion.umh.es\/files\/2025\/11\/18-11-25-jornadas-cine-africano-retocada.jpg 1200w\" sizes=\"(max-width: 300px) 100vw, 300px\" \/><\/a>L\u2019eix tem\u00e0tic d\u2019aquesta edici\u00f3 \u00e9s \u201cOblit, mem\u00f2ria i restituci\u00f3\u201d. Les jornades compten amb la projecci\u00f3 de la pel\u00b7l\u00edcula <\/span><i><span style=\"font-weight: 400\">Chroniques fid\u00e8les<\/span><\/i><span style=\"font-weight: 400\"> (Abdenour Zahzahi, 2025) i el documental <\/span><i><span style=\"font-weight: 400\">L\u2019arbre de l\u2019authenticit\u00e9<\/span><\/i><span style=\"font-weight: 400\"> (Sammy Baloji, 2025), les dues presentades en l\u2019\u00faltim festival de cinema afric\u00e0 de Tarifa.<\/span><\/p>\n<p style=\"text-align: justify\"><span style=\"font-weight: 400\">L\u2019esdeveniment comptar\u00e0 amb les intervencions de la directora general per a la Igualtat de Tracte i Diversitat Etnicoracial del Ministeri d\u2019Igualtat entre l\u2019any 2020 i el 2023, Rita Bosaho, i de l\u2019historiador i president del Consell per a l\u2019Eliminaci\u00f3 de la Discriminaci\u00f3 Racial o \u00c8tnica d\u2019Espanya, Antumi Toasij\u00e9. Ambd\u00f3s conversaran al voltant de l\u2019oblit, la mem\u00f2ria i la restituci\u00f3, tant en l\u2019espai de la di\u00e0spora com a la Comunitat Valenciana, amb les professores dels graus en Comunicaci\u00f3 Audiovisual i Periodisme de la UMH Laura Cort\u00e9s i Mercedes Jabardo, aix\u00ed com amb la coordinadora de Projectes Educatius de l\u2019Institut Sindical de Cooperaci\u00f3 al Desenvolupament, Ana Grau.<\/span><\/p>\n<p><\/p>","protected":false},"excerpt":{"rendered":"<p>La C\u00e0tedra d\u2019An\u00e0lisi i Prospectiva Audiovisual de la Universitat Miguel Hern\u00e1ndez d\u2019Elx (UMH) ha organitzat la III Jornada de Cinema Afric\u00e0, que tindr\u00e0 lloc dem\u00e0, 19 de novembre, en la cinemateca de l\u2019edifici la Valona del campus d\u2019Elx. La jornada \u00e9s un espai de trobada amb la producci\u00f3 cinematogr\u00e0fica provinent del continent afric\u00e0 i de [&#8230;]<\/p>\n","protected":false},"author":32202,"featured_media":0,"comment_status":"closed","ping_status":"open","sticky":false,"template":"","format":"standard","meta":{"ngg_post_thumbnail":0,"_links_to":"","_links_to_target":""},"categories":[43],"tags":[],"_links":{"self":[{"href":"https:\/\/comunicacion.umh.es\/ca\/wp-json\/wp\/v2\/posts\/190760"}],"collection":[{"href":"https:\/\/comunicacion.umh.es\/ca\/wp-json\/wp\/v2\/posts"}],"about":[{"href":"https:\/\/comunicacion.umh.es\/ca\/wp-json\/wp\/v2\/types\/post"}],"author":[{"embeddable":true,"href":"https:\/\/comunicacion.umh.es\/ca\/wp-json\/wp\/v2\/users\/32202"}],"replies":[{"embeddable":true,"href":"https:\/\/comunicacion.umh.es\/ca\/wp-json\/wp\/v2\/comments?post=190760"}],"version-history":[{"count":0,"href":"https:\/\/comunicacion.umh.es\/ca\/wp-json\/wp\/v2\/posts\/190760\/revisions"}],"wp:attachment":[{"href":"https:\/\/comunicacion.umh.es\/ca\/wp-json\/wp\/v2\/media?parent=190760"}],"wp:term":[{"taxonomy":"category","embeddable":true,"href":"https:\/\/comunicacion.umh.es\/ca\/wp-json\/wp\/v2\/categories?post=190760"},{"taxonomy":"post_tag","embeddable":true,"href":"https:\/\/comunicacion.umh.es\/ca\/wp-json\/wp\/v2\/tags?post=190760"}],"curies":[{"name":"wp","href":"https:\/\/api.w.org\/{rel}","templated":true}]}}