{"id":190891,"date":"2025-11-21T11:59:29","date_gmt":"2025-11-21T10:59:29","guid":{"rendered":"https:\/\/comunicacion.umh.es\/?p=190891"},"modified":"2025-11-24T11:05:17","modified_gmt":"2025-11-24T10:05:17","slug":"la-umh-y-la-fundacio-de-lesport-il%c2%b7licita-firman-un-nuevo-convenio-para-el-desarrollo-de-actividades-deportivas-conjuntas","status":"publish","type":"post","link":"https:\/\/comunicacion.umh.es\/ca\/2025\/11\/21\/la-umh-y-la-fundacio-de-lesport-il%c2%b7licita-firman-un-nuevo-convenio-para-el-desarrollo-de-actividades-deportivas-conjuntas\/","title":{"rendered":"La UMH i la Fundaci\u00f3 de l\u2019Esport Il\u00b7licit\u00e0 signen un nou conveni per al desenvolupament d\u2019activitats esportives conjuntes"},"content":{"rendered":"<p><\/p>\n<p style=\"text-align: justify\"><span style=\"font-weight: 400\">El delegat del rector de Campus Saludables i Esports de la Universitat Miguel Hern\u00e1ndez d\u2019Elx (UMH),&nbsp;Ra\u00fal&nbsp;Reina, i la presidenta de la Fundaci\u00f3 de l\u2019Esport Il\u00b7licit\u00e0, Isabel&nbsp;Ant\u00f3n, han signat un nou conveni espec\u00edfic de col\u00b7laboraci\u00f3 per a desenvolupar activitats esportives conjuntes. L\u2019acord l\u2019han subscrit en el Centre Cultural Les Clarisses i ha comptat amb la pres\u00e8ncia de l\u2019ambaixador de l\u2019esport il\u00b7licit\u00e0, Juan Francisco Mart\u00ednez&nbsp;\u2018Nino\u2019&nbsp;i del patr\u00f3 de la Fundaci\u00f3&nbsp;Pepe&nbsp;Lucena.<\/span><!--more--><\/p>\n<p style=\"text-align: justify\"><span style=\"font-weight: 400\"><a href=\"https:\/\/comunicacion.umh.es\/files\/2025\/11\/21-11-25-convenio-deportes-ilicitanos.jpg\"><img loading=\"lazy\" class=\"size-medium wp-image-190894 alignleft\" src=\"https:\/\/comunicacion.umh.es\/files\/2025\/11\/21-11-25-convenio-deportes-ilicitanos-300x225.jpg\" alt=\"\" width=\"300\" height=\"225\" srcset=\"https:\/\/comunicacion.umh.es\/files\/2025\/11\/21-11-25-convenio-deportes-ilicitanos-300x225.jpg 300w, https:\/\/comunicacion.umh.es\/files\/2025\/11\/21-11-25-convenio-deportes-ilicitanos.jpg 567w\" sizes=\"(max-width: 300px) 100vw, 300px\" \/><\/a>A trav\u00e9s d\u2019aquest&nbsp;conveni, la UMH i la Fundaci\u00f3 han establit un marc d\u2019actuaci\u00f3 per a desenvolupar activitats esportives conjuntes en les instal\u00b7lacions de la UMH o en altres localitzacions de la ciutat d\u2019Elx i les seues pedanies, sense detriment d\u2019altres localitzacions en les quals intervinguen esportistes&nbsp;o&nbsp;personal t\u00e8cnic il\u00b7licit\u00e0.<\/span><\/p>\n<p style=\"text-align: justify\"><span style=\"font-weight: 400\">Les entitats han establit quatre l\u00ednies d\u2019actuaci\u00f3 i col\u00b7laboraci\u00f3 que s\u2019arrepleguen en&nbsp;aquest&nbsp;conveni. La primera est\u00e0 orientada a dur a terme activitats de formaci\u00f3 per a personal gestor i t\u00e8cnic d\u2019entitats esportives, esportistes i les seues fam\u00edlies, amb la finalitat de fer calar els&nbsp;valors esportius entre els joves. La segona l\u00ednia pret\u00e9n articular accions d\u2019assessorament i mentoria a esportistes d\u2019alt nivell o rendiment de la ciutat, mentre que la tercera de les l\u00ednies de treball est\u00e0 orientada a organitzar jornades i esdeveniments esportius en edat escolar per a fomentar h\u00e0bits saludables i valors a trav\u00e9s de l\u2019esport, com el Cross Escolar i Popular que es desenvolupa en el circuit de V-Running&nbsp;de la UMH. Finalment, la quarta l\u00ednia de treball estar\u00e0 destinada a promoure accions de voluntariat en relaci\u00f3 amb l\u2019organitzaci\u00f3 d\u2019esdeveniments i activitats esportives, contribuir al desenvolupament d\u2019una borsa de voluntariat espec\u00edfic que responga a les necessitats d\u2019esdeveniments esportius d\u2019alt nivell o complexitat organitzativa, i potenciar la campanya recent #VoluntaritEsportiuUMH.<\/span><\/p>\n<p style=\"text-align: justify\"><span style=\"font-weight: 400\">Les activitats conjuntes entre les dues entitats impulsaran el nou lema #TalentEnMoviment, que empodera el talent universitari en les diferents facetes juntament amb l\u2019activitat f\u00edsica i l\u2019esport. A m\u00e9s, el conveni ofereix un marc d\u2019actuaci\u00f3 conjunt en accions que es duran a terme en el marc d\u2019Elx 2026 Capital Mediterr\u00e0nia de l\u2019Esport.<\/span><\/p>\n<p style=\"text-align: justify\"><span style=\"font-weight: 400\">Aquest&nbsp;acord s\u2019alinea amb els Objectius de Desenvolupament Sostenible i l\u2019Agenda 2030 de les Nacions Unides, concretament amb els objectius n\u00famero 3 \u201cSalut i benestar\u201d, 5 \u201cIgualtat de g\u00e8nere\u201d, 10 \u201cReducci\u00f3 de les desigualtats\u201d, i 17 \u201cAliances per a assolir els objectius\u201d.<\/span><\/p>\n<p><\/p>","protected":false},"excerpt":{"rendered":"<p>El delegat del rector de Campus Saludables i Esports de la Universitat Miguel Hern\u00e1ndez d\u2019Elx (UMH),&nbsp;Ra\u00fal&nbsp;Reina, i la presidenta de la Fundaci\u00f3 de l\u2019Esport Il\u00b7licit\u00e0, Isabel&nbsp;Ant\u00f3n, han signat un nou conveni espec\u00edfic de col\u00b7laboraci\u00f3 per a desenvolupar activitats esportives conjuntes. L\u2019acord l\u2019han subscrit en el Centre Cultural Les Clarisses i ha comptat amb la pres\u00e8ncia [&#8230;]<\/p>\n","protected":false},"author":32202,"featured_media":0,"comment_status":"closed","ping_status":"open","sticky":false,"template":"","format":"standard","meta":{"ngg_post_thumbnail":0,"_links_to":"","_links_to_target":""},"categories":[43],"tags":[],"_links":{"self":[{"href":"https:\/\/comunicacion.umh.es\/ca\/wp-json\/wp\/v2\/posts\/190891"}],"collection":[{"href":"https:\/\/comunicacion.umh.es\/ca\/wp-json\/wp\/v2\/posts"}],"about":[{"href":"https:\/\/comunicacion.umh.es\/ca\/wp-json\/wp\/v2\/types\/post"}],"author":[{"embeddable":true,"href":"https:\/\/comunicacion.umh.es\/ca\/wp-json\/wp\/v2\/users\/32202"}],"replies":[{"embeddable":true,"href":"https:\/\/comunicacion.umh.es\/ca\/wp-json\/wp\/v2\/comments?post=190891"}],"version-history":[{"count":0,"href":"https:\/\/comunicacion.umh.es\/ca\/wp-json\/wp\/v2\/posts\/190891\/revisions"}],"wp:attachment":[{"href":"https:\/\/comunicacion.umh.es\/ca\/wp-json\/wp\/v2\/media?parent=190891"}],"wp:term":[{"taxonomy":"category","embeddable":true,"href":"https:\/\/comunicacion.umh.es\/ca\/wp-json\/wp\/v2\/categories?post=190891"},{"taxonomy":"post_tag","embeddable":true,"href":"https:\/\/comunicacion.umh.es\/ca\/wp-json\/wp\/v2\/tags?post=190891"}],"curies":[{"name":"wp","href":"https:\/\/api.w.org\/{rel}","templated":true}]}}