{"id":190912,"date":"2025-11-21T12:09:15","date_gmt":"2025-11-21T11:09:15","guid":{"rendered":"https:\/\/comunicacion.umh.es\/?p=190912"},"modified":"2025-11-24T11:09:24","modified_gmt":"2025-11-24T10:09:24","slug":"la-fundacion-la-caixa-impulsa-con-cerca-de-800-000-euros-un-proyecto-biomedico-de-la-umh-para-estudiar-epilepsias-infantiles-poco-comunes","status":"publish","type":"post","link":"https:\/\/comunicacion.umh.es\/ca\/2025\/11\/21\/la-fundacion-la-caixa-impulsa-con-cerca-de-800-000-euros-un-proyecto-biomedico-de-la-umh-para-estudiar-epilepsias-infantiles-poco-comunes\/","title":{"rendered":"La Fundaci\u00f3 \u201dla Caixa\u201d impulsa amb prop de 800.000 euros un projecte biom\u00e8dic de la UMH per a estudiar epil\u00e8psies infantils poc comunes"},"content":{"rendered":"<p><\/p>\n<p style=\"text-align: justify\"><span style=\"font-weight: 400\">L\u2019edici\u00f3 2025 de la Convocat\u00f2ria d\u2019Investigaci\u00f3 en Salut de la Fundaci\u00f3 \u201dla Caixa\u201d ha seleccionat 34 nous projectes d\u2019investigaci\u00f3 biom\u00e8dica capdavantera. Entre aquests projectes n\u2019hi ha un liderat pel catedr\u00e0tic de la Universitat Miguel Hern\u00e1ndez d\u2019Elx (UMH) Antonio Ferrer Montiel, en consorci amb l\u2019investigador V\u00edctor Soto Insuga, de l\u2019Hospital Infantil Universitari Ni\u00f1o Jes\u00fas de Madrid. La iniciativa ha rebut un finan\u00e7ament de 797.525 euros per a desenvolupar solucions personalitzades contra l\u2019encefalopatia epil\u00e8ptica i del desenvolupament.<\/span><!--more--><\/p>\n<p style=\"text-align: justify\"><span style=\"font-weight: 400\"><a href=\"https:\/\/comunicacion.umh.es\/files\/2025\/11\/21-11-25-caixa-ferrer-montiel-1-CORREO.jpg\"><img loading=\"lazy\" class=\"size-medium wp-image-190915 alignleft\" src=\"https:\/\/comunicacion.umh.es\/files\/2025\/11\/21-11-25-caixa-ferrer-montiel-1-CORREO-300x225.jpg\" alt=\"\" width=\"300\" height=\"225\" srcset=\"https:\/\/comunicacion.umh.es\/files\/2025\/11\/21-11-25-caixa-ferrer-montiel-1-CORREO-300x225.jpg 300w, https:\/\/comunicacion.umh.es\/files\/2025\/11\/21-11-25-caixa-ferrer-montiel-1-CORREO-1024x768.jpg 1024w, https:\/\/comunicacion.umh.es\/files\/2025\/11\/21-11-25-caixa-ferrer-montiel-1-CORREO-768x576.jpg 768w, https:\/\/comunicacion.umh.es\/files\/2025\/11\/21-11-25-caixa-ferrer-montiel-1-CORREO.jpg 1200w\" sizes=\"(max-width: 300px) 100vw, 300px\" \/><\/a>L\u2019encefalopatia epil\u00e8ptica i del desenvolupament \u00e9s una malaltia neurol\u00f2gica poc freq\u00fcent que apareix en la inf\u00e0ncia i provoca crisis epil\u00e8ptiques greus, acompanyades d\u2019alteracions en el desenvolupament cognitiu i motor. Es diagnostica menys d\u2019un cas per cada mili\u00f3 de persones i est\u00e0 vinculada a mutacions en un gen que altera la comunicaci\u00f3 entre les neurones. El projecte, que es dur\u00e0 a terme en l\u2019<\/span><a href=\"https:\/\/idibe.umh.es\/neuropatias-perifericas\/\"><span style=\"font-weight: 400\">Institut d\u2019Investigaci\u00f3, Desenvolupament i Innovaci\u00f3 en Biotecnologia Sanit\u00e0ria d\u2019Elx (IDiBE-UMH)<\/span><\/a><span style=\"font-weight: 400\">, t\u00e9 com a objectiu comprendre millor aquests canvis gen\u00e8tics i dissenyar tractaments adaptats a cada pacient per a millorar-ne la qualitat de vida.<\/span><\/p>\n<p style=\"text-align: justify\"><span style=\"font-weight: 400\">L\u2019equip de la UMH classificar\u00e0 les variants gen\u00e8tiques segons l\u2019impacte sobre les c\u00e8l\u00b7lules del cervell i desenvolupar\u00e0 models experimentals que permeten avaluar l\u2019efic\u00e0cia de diferents tractaments per a restaurar-ne el funcionament normal. A m\u00e9s, es crearan models personalitzats a partir de c\u00e8l\u00b7lules de la pell dels i les pacients, reprogramades per a convertir-se en neurones, la qual cosa permetr\u00e0 provar de manera individualitzada les possibles ter\u00e0pies. El projecte finan\u00e7at a la UMH va ser inicialment secundat amb fons d\u2019un sopar ben\u00e8fic que va organitzar la Fundaci\u00f3 Grupo Soledad el setembre de 2023.<\/span><\/p>\n<p style=\"text-align: justify\"><span style=\"font-weight: 400\"><a href=\"https:\/\/comunicacion.umh.es\/files\/2025\/11\/21-11-25-caixa-ferrer-montiel-2-CORREO.jpg\"><img loading=\"lazy\" class=\"size-medium wp-image-190918 alignleft\" src=\"https:\/\/comunicacion.umh.es\/files\/2025\/11\/21-11-25-caixa-ferrer-montiel-2-CORREO-300x225.jpg\" alt=\"\" width=\"300\" height=\"225\" srcset=\"https:\/\/comunicacion.umh.es\/files\/2025\/11\/21-11-25-caixa-ferrer-montiel-2-CORREO-300x225.jpg 300w, https:\/\/comunicacion.umh.es\/files\/2025\/11\/21-11-25-caixa-ferrer-montiel-2-CORREO-1024x768.jpg 1024w, https:\/\/comunicacion.umh.es\/files\/2025\/11\/21-11-25-caixa-ferrer-montiel-2-CORREO-768x576.jpg 768w, https:\/\/comunicacion.umh.es\/files\/2025\/11\/21-11-25-caixa-ferrer-montiel-2-CORREO.jpg 1200w\" sizes=\"(max-width: 300px) 100vw, 300px\" \/><\/a>La col\u00b7laboraci\u00f3 entre l\u2019hospital madrileny \u2014amb \u00e0mplia experi\u00e8ncia cl\u00ednica en el diagn\u00f2stic i tractament d\u2019aquesta malaltia\u2014 i l\u2019equip de l\u2019IDiBE-UMH, especialitzat en la biologia i farmacologia de la comunicaci\u00f3 neuronal, cerca tancar la bretxa entre la pr\u00e0ctica m\u00e8dica i la investigaci\u00f3 b\u00e0sica, de manera que els avan\u00e7os cient\u00edfics puguen traslladar-se m\u00e9s r\u00e0pidament a l\u2019atenci\u00f3 dels xiquets i xiquetes amb encefalopaties epil\u00e8ptiques i del desenvolupament.<\/span><\/p>\n<p style=\"text-align: justify\"><span style=\"font-weight: 400\">La <\/span><a href=\"https:\/\/fundacionlacaixa.org\/es\/investigacion-salud\"><span style=\"font-weight: 400\">Convocat\u00f2ria d\u2019Investigaci\u00f3 en Salut de la Fundaci\u00f3 \u201dla Caixa\u201d<\/span><\/a><span style=\"font-weight: 400\">, que enguany ha rebut 714 propostes, s\u2019adre\u00e7a a impulsar projectes d\u2019investigaci\u00f3 b\u00e0sica, cl\u00ednica i translacional en \u00e0mbits com les neuroci\u00e8ncies, les malalties cardiovasculars i metab\u00f2liques, l\u2019oncologia, les malalties infeccioses i les tecnologies biom\u00e8diques aplicades. En aquesta edici\u00f3 s\u2019han seleccionat 25 centres i universitats espanyoles i 9 portugueses.<\/span><\/p>\n<p style=\"text-align: justify\"><span style=\"font-weight: 400\">Els acords amb la Fundaci\u00f3 Breakthrough T1D i la Fundaci\u00f3 Luz\u00f3n han perm\u00e9s ampliar el finan\u00e7ament de projectes centrats en diabetis tipus 1 (dos projectes seleccionats) i esclerosi lateral amiotr\u00f2fica (ELA) (un). La convocat\u00f2ria compta tamb\u00e9 amb la col\u00b7laboraci\u00f3 de la Funda\u00e7\u00e3o para a Ci\u00eancia i a Tecnologia (FCT), vinculada al Ministeri d\u2019Educaci\u00f3, Ci\u00e8ncia i Innovaci\u00f3 de Portugal, que destina 1,8 milions d\u2019euros a tres dels nou projectes portuguesos premiats.<\/span><span style=\"font-weight: 400\"><br \/>\n<\/span><span style=\"font-weight: 400\">L\u2019acte de lliurament de les ajudes es va celebrar ahir, 20 de novembre, en el Museu de la Ci\u00e8ncia Cosmocaixa (Barcelona), amb la participaci\u00f3 del subdirector general d\u2019Investigaci\u00f3 i Beques de la Fundaci\u00f3 \u201dla Caixa\u201d, \u00c0ngel Font, i la directora general adjunta, Esther Planas, junt amb representants de les entitats col\u00b7laboradores i els equips guardonats.<\/span><\/p>\n<p style=\"text-align: justify\"><span style=\"font-weight: 400\">\u201cLa investigaci\u00f3 biom\u00e8dica \u00e9s una de les vies m\u00e9s poderoses per a millorar la vida de les persones. Els 34 projectes premiats aborden reptes molt diversos des de diferents perspectives, per\u00f2 tots comparteixen tres eixos fonamentals: col\u00b7laboraci\u00f3, talent i innovaci\u00f3\u201d, ha destacat \u00c0ngel Font.<\/span><\/p>\n<p style=\"text-align: justify\"><span style=\"font-weight: 400\">La convocat\u00f2ria d\u2019enguany destina 26 milions d\u2019euros a investigacions biom\u00e8diques d\u2019excel\u00b7l\u00e8ncia, amb ajudes de fins a 500.000 euros per a projectes individuals i fins a un mili\u00f3 per a consorcis entre institucions de diferents pa\u00efsos. Des de la seua creaci\u00f3 en 2018, el programa ha concedit 172,3 milions d\u2019euros a 234 projectes, i s\u2019ha consolidat com una de les principals convocat\u00f2ries d\u2019investigaci\u00f3 en biomedicina i salut de la pen\u00ednsula Ib\u00e8rica.<\/span><\/p>\n<p><\/p>","protected":false},"excerpt":{"rendered":"<p>L\u2019edici\u00f3 2025 de la Convocat\u00f2ria d\u2019Investigaci\u00f3 en Salut de la Fundaci\u00f3 \u201dla Caixa\u201d ha seleccionat 34 nous projectes d\u2019investigaci\u00f3 biom\u00e8dica capdavantera. Entre aquests projectes n\u2019hi ha un liderat pel catedr\u00e0tic de la Universitat Miguel Hern\u00e1ndez d\u2019Elx (UMH) Antonio Ferrer Montiel, en consorci amb l\u2019investigador V\u00edctor Soto Insuga, de l\u2019Hospital Infantil Universitari Ni\u00f1o Jes\u00fas de Madrid. [&#8230;]<\/p>\n","protected":false},"author":32202,"featured_media":0,"comment_status":"closed","ping_status":"open","sticky":false,"template":"","format":"standard","meta":{"ngg_post_thumbnail":0,"_links_to":"","_links_to_target":""},"categories":[43],"tags":[],"_links":{"self":[{"href":"https:\/\/comunicacion.umh.es\/ca\/wp-json\/wp\/v2\/posts\/190912"}],"collection":[{"href":"https:\/\/comunicacion.umh.es\/ca\/wp-json\/wp\/v2\/posts"}],"about":[{"href":"https:\/\/comunicacion.umh.es\/ca\/wp-json\/wp\/v2\/types\/post"}],"author":[{"embeddable":true,"href":"https:\/\/comunicacion.umh.es\/ca\/wp-json\/wp\/v2\/users\/32202"}],"replies":[{"embeddable":true,"href":"https:\/\/comunicacion.umh.es\/ca\/wp-json\/wp\/v2\/comments?post=190912"}],"version-history":[{"count":0,"href":"https:\/\/comunicacion.umh.es\/ca\/wp-json\/wp\/v2\/posts\/190912\/revisions"}],"wp:attachment":[{"href":"https:\/\/comunicacion.umh.es\/ca\/wp-json\/wp\/v2\/media?parent=190912"}],"wp:term":[{"taxonomy":"category","embeddable":true,"href":"https:\/\/comunicacion.umh.es\/ca\/wp-json\/wp\/v2\/categories?post=190912"},{"taxonomy":"post_tag","embeddable":true,"href":"https:\/\/comunicacion.umh.es\/ca\/wp-json\/wp\/v2\/tags?post=190912"}],"curies":[{"name":"wp","href":"https:\/\/api.w.org\/{rel}","templated":true}]}}