{"id":191014,"date":"2025-11-25T10:55:04","date_gmt":"2025-11-25T09:55:04","guid":{"rendered":"https:\/\/comunicacion.umh.es\/?p=191014"},"modified":"2025-11-28T11:05:14","modified_gmt":"2025-11-28T10:05:14","slug":"la-umh-celebrara-manana-la-entrega-de-galardones-de-la-xi-edicion-de-premios-consejo-social-a-las-catedras-institucionales","status":"publish","type":"post","link":"https:\/\/comunicacion.umh.es\/ca\/2025\/11\/25\/la-umh-celebrara-manana-la-entrega-de-galardones-de-la-xi-edicion-de-premios-consejo-social-a-las-catedras-institucionales\/","title":{"rendered":"XI Edici\u00f3 de Premis Consell Social a les C\u00e0tedres Institucionals"},"content":{"rendered":"<p><\/p>\n<p style=\"text-align: justify\"><span style=\"font-weight: 400\">El Consell Social de la Universitat Miguel Hern\u00e1ndez d\u2019Elx (UMH) entregar\u00e0 dem\u00e0 dimecres, 26 de novembre, els guardons de la XI edici\u00f3 dels Premis C\u00e0tedres Institucionals de la UMH. La cerim\u00f2nia se celebrar\u00e0 a les 12.00 hores en la sala d\u2019actes de l\u2019edifici Rectorat i Consell Social del campus d\u2019Elx, aix\u00ed com en el canal institucional de YouTube. Amb aquests premis, es pret\u00e9n recon\u00e9ixer la traject\u00f2ria de persones i entitats que han destacat en l\u2019\u00e0mbit de les onze c\u00e0tedres institucionals que, actualment, t\u00e9 la Universitat.<\/span><!--more--><\/p>\n<p style=\"text-align: justify\"><span style=\"font-weight: 400\"><a href=\"https:\/\/comunicacion.umh.es\/files\/2025\/11\/Rectorado-campus-Elche-2-1.jpg\"><img loading=\"lazy\" class=\"size-medium wp-image-191020 alignleft\" src=\"https:\/\/comunicacion.umh.es\/files\/2025\/11\/Rectorado-campus-Elche-2-1-300x225.jpg\" alt=\"\" width=\"300\" height=\"225\" srcset=\"https:\/\/comunicacion.umh.es\/files\/2025\/11\/Rectorado-campus-Elche-2-1-300x225.jpg 300w, https:\/\/comunicacion.umh.es\/files\/2025\/11\/Rectorado-campus-Elche-2-1-1024x768.jpg 1024w, https:\/\/comunicacion.umh.es\/files\/2025\/11\/Rectorado-campus-Elche-2-1-768x576.jpg 768w, https:\/\/comunicacion.umh.es\/files\/2025\/11\/Rectorado-campus-Elche-2-1.jpg 1200w\" sizes=\"(max-width: 300px) 100vw, 300px\" \/><\/a>A la cerim\u00f2nia est\u00e0 previst que assistisquen, entre altres personalitats, el president del Consell Social, Joaqu\u00edn P\u00e9rez; el rector, Juan Jos\u00e9 Ruiz; el vicepresident del Consell Social, Antonio Gonz\u00e1lvez; la vicerectora d\u2019Economia i Societat, Mar\u00eda Jos\u00e9 L\u00f3pez; i el secretari-director del Consell Social, Jos\u00e9 Mar\u00eda G\u00f3mez.<\/span><\/p>\n<p style=\"text-align: justify\"><span style=\"font-weight: 400\">La C\u00e0tedra Dama d\u2019Elx premiar\u00e0 Mercedes Tendero per la seua labor en la investigaci\u00f3 i direcci\u00f3 en el jaciment de l\u2019Alc\u00fadia; mentre que la C\u00e0tedra Palmeral d\u2019Elx al Centre Integrat P\u00fablic de Formaci\u00f3 Professional (CIPFP) La Torreta per la labor en la formaci\u00f3 de personal qualificat en el cultiu de palmeres i la seua reivindicaci\u00f3 del reconeixement de l\u2019ofici de palmerer. Per la seua banda, la C\u00e0tedra Pedro Ibarra reconeixer\u00e0 Carlos Maci\u00e0 per facilitar fons fotogr\u00e0fics de gran valor documental sobre Elx; i la Biblioteca P\u00fablica Fernando de Loazes d\u2019Orihuela arreplegar\u00e0 el premi de la C\u00e0tedra Miguel Hern\u00e1ndez per la seua extensa secci\u00f3 dedicada al poeta. La C\u00e0tedra Misteri d\u2019Elx premiar\u00e0 Ram\u00f3n Vicente, organista del Misteri d\u2019Elx des de 1993; la C\u00e0tedra Sant Crisp\u00ed de la Ind\u00fastria del Cal\u00e7at d\u2019Elx entregar\u00e0 premis <\/span><i><span style=\"font-weight: 400\">ex aequo<\/span><\/i><span style=\"font-weight: 400\"> a Juan Per\u00e1n, fundador del grup Pikolinos, Jaime Carbonell, fundador de Calzados Danubio, i Manuel Rom\u00e1n, president de l\u2019Associaci\u00f3 Espanyola d\u2019Empreses de Components i Maquin\u00e0ria per al Cal\u00e7at.<\/span><\/p>\n<p style=\"text-align: justify\"><span style=\"font-weight: 400\">Aix\u00ed mateix, la C\u00e0tedra Seu UMH a Ruanda reconeixer\u00e0 Juan Jos\u00e9 Ballesta, per la seua traject\u00f2ria professional com a professor de la UMH i voluntari a Ruanda des de 2011; la C\u00e0tedra Annetta Nicoli a Tere Mart\u00ednez, per la seua tasca compaginant l\u2019art amb les ter\u00e0pies expressives i la diversitat funcional; i la C\u00e0tedra Cinematografia i Documental Gudie Lawetz premiar\u00e0 Antonio Segarra i Jos\u00e9 Segarra, pel seu llegat cinematogr\u00e0fic amateur d\u2019Antonio Segarra i la labor de preservaci\u00f3, documentaci\u00f3 i classificaci\u00f3 d\u2019eixe material per part de Jos\u00e9 Segarra. Per la seua banda, la C\u00e0tedra Cl\u00ednica Jur\u00eddica premiar\u00e0 el Servei de Comunicaci\u00f3, M\u00e0rqueting i Atenci\u00f3 a l\u2019Estudiantat de la UMH, per la seua campanya d\u2019ajuda als afectats per la DANA; que va incloure la distribuci\u00f3 de 3.364 parells de botes d\u2019aigua donades per Crocs Spain. Finalment, la C\u00e0tedra en Rock, M\u00fasica Moderna i Noves Tend\u00e8ncies reconeixer\u00e0 el grup Los Manises, representants de l\u2019avantguarda musical il\u00b7licitana amb projecci\u00f3 nacional.<\/span><\/p>\n<p><\/p>","protected":false},"excerpt":{"rendered":"<p>El Consell Social de la Universitat Miguel Hern\u00e1ndez d\u2019Elx (UMH) entregar\u00e0 dem\u00e0 dimecres, 26 de novembre, els guardons de la XI edici\u00f3 dels Premis C\u00e0tedres Institucionals de la UMH. La cerim\u00f2nia se celebrar\u00e0 a les 12.00 hores en la sala d\u2019actes de l\u2019edifici Rectorat i Consell Social del campus d\u2019Elx, aix\u00ed com en el canal [&#8230;]<\/p>\n","protected":false},"author":32202,"featured_media":0,"comment_status":"closed","ping_status":"open","sticky":false,"template":"","format":"standard","meta":{"ngg_post_thumbnail":0,"_links_to":"","_links_to_target":""},"categories":[43],"tags":[],"_links":{"self":[{"href":"https:\/\/comunicacion.umh.es\/ca\/wp-json\/wp\/v2\/posts\/191014"}],"collection":[{"href":"https:\/\/comunicacion.umh.es\/ca\/wp-json\/wp\/v2\/posts"}],"about":[{"href":"https:\/\/comunicacion.umh.es\/ca\/wp-json\/wp\/v2\/types\/post"}],"author":[{"embeddable":true,"href":"https:\/\/comunicacion.umh.es\/ca\/wp-json\/wp\/v2\/users\/32202"}],"replies":[{"embeddable":true,"href":"https:\/\/comunicacion.umh.es\/ca\/wp-json\/wp\/v2\/comments?post=191014"}],"version-history":[{"count":0,"href":"https:\/\/comunicacion.umh.es\/ca\/wp-json\/wp\/v2\/posts\/191014\/revisions"}],"wp:attachment":[{"href":"https:\/\/comunicacion.umh.es\/ca\/wp-json\/wp\/v2\/media?parent=191014"}],"wp:term":[{"taxonomy":"category","embeddable":true,"href":"https:\/\/comunicacion.umh.es\/ca\/wp-json\/wp\/v2\/categories?post=191014"},{"taxonomy":"post_tag","embeddable":true,"href":"https:\/\/comunicacion.umh.es\/ca\/wp-json\/wp\/v2\/tags?post=191014"}],"curies":[{"name":"wp","href":"https:\/\/api.w.org\/{rel}","templated":true}]}}