{"id":191038,"date":"2025-11-26T09:55:31","date_gmt":"2025-11-26T08:55:31","guid":{"rendered":"https:\/\/comunicacion.umh.es\/?p=191038"},"modified":"2025-11-28T11:03:32","modified_gmt":"2025-11-28T10:03:32","slug":"la-empresa-parkiduo-del-pcumh-habilita-para-madrid-su-plataforma-dirigida-a-compartir-plazas-de-garaje-por-franjas-horarias","status":"publish","type":"post","link":"https:\/\/comunicacion.umh.es\/ca\/2025\/11\/26\/la-empresa-parkiduo-del-pcumh-habilita-para-madrid-su-plataforma-dirigida-a-compartir-plazas-de-garaje-por-franjas-horarias\/","title":{"rendered":"L\u2019empresa Parkiduo del PCUMH habilita per a Madrid la seua plataforma dirigida a compartir places de garatge per franges hor\u00e0ries"},"content":{"rendered":"<p><\/p>\n<p style=\"text-align: justify\"><span style=\"font-weight: 400\">Promoure la mobilitat sostenible i optimitzar l\u2019espai d\u2019aparcament a la ciutat s\u00f3n alguns dels objectius amb els quals va n\u00e0ixer l\u2019empresa Parkiduo del Parc Cient\u00edfic de la Universitat Miguel Hern\u00e1ndez d\u2019Elx (PCUMH). Per a aix\u00f2, aquesta companyia va posar en marxa una plataforma que connecta usuaris que busquen places d\u2019aparcament amb uns altres que disposen d\u2019alguna i vulguen compartir-la per franges hor\u00e0ries. Despr\u00e9s de llan\u00e7ar-la a Elx, Alacant i Val\u00e8ncia, Parkiduo l\u2019ha posada en marxa a Madrid per a presentar-se com una soluci\u00f3 d\u2019aparcament eficient i col\u00b7laborativa.<\/span><!--more--><\/p>\n<p style=\"text-align: justify\"><span style=\"font-weight: 400\"><a href=\"https:\/\/comunicacion.umh.es\/files\/2025\/11\/26-11-25-parkiduo-noticia.jpg\"><img loading=\"lazy\" class=\"alignleft size-medium wp-image-191041\" src=\"https:\/\/comunicacion.umh.es\/files\/2025\/11\/26-11-25-parkiduo-noticia-300x225.jpg\" alt=\"\" width=\"300\" height=\"225\" srcset=\"https:\/\/comunicacion.umh.es\/files\/2025\/11\/26-11-25-parkiduo-noticia-300x225.jpg 300w, https:\/\/comunicacion.umh.es\/files\/2025\/11\/26-11-25-parkiduo-noticia-1024x768.jpg 1024w, https:\/\/comunicacion.umh.es\/files\/2025\/11\/26-11-25-parkiduo-noticia-768x576.jpg 768w, https:\/\/comunicacion.umh.es\/files\/2025\/11\/26-11-25-parkiduo-noticia.jpg 1200w\" sizes=\"(max-width: 300px) 100vw, 300px\" \/><\/a>Aquesta empresa del PCUMH, que va iniciar la seua activitat en 2023, compta actualment amb m\u00e9s de 2.500 usuaris registrats i prop de mig centenar d\u2019acords entre particulars. \u201cEl principal avantatge \u00e9s la comoditat de disposar d\u2019una pla\u00e7a de garatge pr\u00f2xima a la teua ubicaci\u00f3 pagant la meitat de preu del lloguer. S\u00f3n preus molt competitius enfront d\u2019altres opcions d\u2019aparcament\u201d, assenyala la directora executiva de la companyia, Laura Sempere.<\/span><\/p>\n<p style=\"text-align: justify\"><span style=\"font-weight: 400\">Parkiduo funciona com una xarxa de persones que es connecten per a aprofitar millor els espais urbans, oferint o buscant places de garatge per franges hor\u00e0ries. \u00c9s a dir, aquelles persones que compten amb una pla\u00e7a que no usen durant determinades hores del dia poden oferir-la a alg\u00fa que li done \u00fas en eixe per\u00edode de temps, \u201caconseguint aix\u00ed uns ingressos extra al mes sense deixar d\u2019utilitzar la seua pla\u00e7a\u201d. Aix\u00ed mateix, aquells conductors que necessiten aparcar prop del seu treball o casa en un horari regular poden trobar un garatge disponible a un preu molt inferior que un lloguer tradicional, creant-se aix\u00ed una soluci\u00f3 <\/span><i><span style=\"font-weight: 400\">win-win<\/span><\/i><span style=\"font-weight: 400\">. En aquest sentit, Parkiduo ofereix acompanyament durant tot el proc\u00e9s i s\u2019encarrega de la gesti\u00f3 del contracte de lloguer una vegada tancat l\u2019acord.<\/span><\/p>\n<p style=\"text-align: justify\"><span style=\"font-weight: 400\">Gr\u00e0cies a tot aix\u00f2, la plataforma desenvolupada per Parkiduo ha rebut el suport de BANC i Technetium, que junt amb altres socis han aportat una inversi\u00f3 de 45.000 euros. Aquesta injecci\u00f3 ha perm\u00e9s a l\u2019empresa del PCUMH millorar el seu disseny, agilitzar el seu funcionament i el seu llan\u00e7ament. Amb l\u2019objectiu de consolidar-se i expandir-se a altres ciutats, l\u2019empresa acaba d\u2019obrir una ronda d\u2019inversi\u00f3 de 300.000 euros<\/span><\/p>\n<p><\/p>","protected":false},"excerpt":{"rendered":"<p>Promoure la mobilitat sostenible i optimitzar l\u2019espai d\u2019aparcament a la ciutat s\u00f3n alguns dels objectius amb els quals va n\u00e0ixer l\u2019empresa Parkiduo del Parc Cient\u00edfic de la Universitat Miguel Hern\u00e1ndez d\u2019Elx (PCUMH). Per a aix\u00f2, aquesta companyia va posar en marxa una plataforma que connecta usuaris que busquen places d\u2019aparcament amb uns altres que disposen [&#8230;]<\/p>\n","protected":false},"author":2693,"featured_media":0,"comment_status":"closed","ping_status":"open","sticky":false,"template":"","format":"standard","meta":{"ngg_post_thumbnail":0,"_links_to":"","_links_to_target":""},"categories":[43],"tags":[],"_links":{"self":[{"href":"https:\/\/comunicacion.umh.es\/ca\/wp-json\/wp\/v2\/posts\/191038"}],"collection":[{"href":"https:\/\/comunicacion.umh.es\/ca\/wp-json\/wp\/v2\/posts"}],"about":[{"href":"https:\/\/comunicacion.umh.es\/ca\/wp-json\/wp\/v2\/types\/post"}],"author":[{"embeddable":true,"href":"https:\/\/comunicacion.umh.es\/ca\/wp-json\/wp\/v2\/users\/2693"}],"replies":[{"embeddable":true,"href":"https:\/\/comunicacion.umh.es\/ca\/wp-json\/wp\/v2\/comments?post=191038"}],"version-history":[{"count":0,"href":"https:\/\/comunicacion.umh.es\/ca\/wp-json\/wp\/v2\/posts\/191038\/revisions"}],"wp:attachment":[{"href":"https:\/\/comunicacion.umh.es\/ca\/wp-json\/wp\/v2\/media?parent=191038"}],"wp:term":[{"taxonomy":"category","embeddable":true,"href":"https:\/\/comunicacion.umh.es\/ca\/wp-json\/wp\/v2\/categories?post=191038"},{"taxonomy":"post_tag","embeddable":true,"href":"https:\/\/comunicacion.umh.es\/ca\/wp-json\/wp\/v2\/tags?post=191038"}],"curies":[{"name":"wp","href":"https:\/\/api.w.org\/{rel}","templated":true}]}}