{"id":191050,"date":"2025-11-26T09:59:16","date_gmt":"2025-11-26T08:59:16","guid":{"rendered":"https:\/\/comunicacion.umh.es\/?p=191050"},"modified":"2025-11-28T11:15:32","modified_gmt":"2025-11-28T10:15:32","slug":"el-profesor-nestor-vicente-participa-en-madrid-en-el-ii-congreso-internacional-de-nutricion-aplicada-a-la-mujer-deportista","status":"publish","type":"post","link":"https:\/\/comunicacion.umh.es\/ca\/2025\/11\/26\/el-profesor-nestor-vicente-participa-en-madrid-en-el-ii-congreso-internacional-de-nutricion-aplicada-a-la-mujer-deportista\/","title":{"rendered":"El professor N\u00e9stor Vicente participa en Madrid en el II Congr\u00e9s Internacional de Nutrici\u00f3 Aplicada a la Dona Esportista"},"content":{"rendered":"<p><\/p>\n<p style=\"text-align: justify\"><span style=\"font-weight: 400\">\u201cNutrici\u00f3 aplicada a la dona tennista\u201d \u00e9s el t\u00edtol de la confer\u00e8ncia que impartir\u00e0 el professor de l\u2019\u00c0rea de Nutrici\u00f3 i Bromatologia de la Universitat Miguel Hern\u00e1ndez d\u2019Elx (UMH) N\u00e9stor Vicente en el II Congr\u00e9s Internacional de Nutrici\u00f3 Aplicada a la Dona Esportista. La trobada, organitzat per la XARXA NAMUD, se celebrar\u00e0 el 27 i el 28 de novembre al campus de Cantoblanco de la Universitat Pontif\u00edcia Comillas de Madrid.<\/span><!--more--><\/p>\n<p style=\"text-align: justify\"><span style=\"font-weight: 400\"><a href=\"https:\/\/comunicacion.umh.es\/files\/2025\/11\/26-11-25-congreso-mujer-deportista-cartel-noticia.jpg\"><img loading=\"lazy\" class=\"alignleft size-medium wp-image-191053\" src=\"https:\/\/comunicacion.umh.es\/files\/2025\/11\/26-11-25-congreso-mujer-deportista-cartel-noticia-300x225.jpg\" alt=\"\" width=\"300\" height=\"225\" srcset=\"https:\/\/comunicacion.umh.es\/files\/2025\/11\/26-11-25-congreso-mujer-deportista-cartel-noticia-300x225.jpg 300w, https:\/\/comunicacion.umh.es\/files\/2025\/11\/26-11-25-congreso-mujer-deportista-cartel-noticia-1024x768.jpg 1024w, https:\/\/comunicacion.umh.es\/files\/2025\/11\/26-11-25-congreso-mujer-deportista-cartel-noticia-768x576.jpg 768w, https:\/\/comunicacion.umh.es\/files\/2025\/11\/26-11-25-congreso-mujer-deportista-cartel-noticia.jpg 1200w\" sizes=\"(max-width: 300px) 100vw, 300px\" \/><\/a>En la seua confer\u00e8ncia, el professor de la UMH abordar\u00e0 les claus nutricionals espec\u00edfiques per a optimitzar la salut i el rendiment en el tenis femen\u00ed. La seua intervenci\u00f3 es recolza en el recent treball internacional del panell d\u2019experts en nutrici\u00f3 i tenis, avalat per l\u2019ATP, WTA i ITF, que ell mateix ha dirigit, i que marca una fita en la investigaci\u00f3 cient\u00edfica sobre la nutrici\u00f3 en aquest esport i les seues difer\u00e8ncies en funci\u00f3 del g\u00e8nere.<\/span><\/p>\n<p style=\"text-align: justify\"><span style=\"font-weight: 400\">Aquest congr\u00e9s \u00e9s una trobada cient\u00edfica de refer\u00e8ncia en l\u2019\u00e0mbit de la nutrici\u00f3 esportiva amb perspectiva de g\u00e8nere, que reunir\u00e0 professionals, investigadors i especialistes nacionals i internacionals.<\/span><\/p>\n<p style=\"text-align: justify\"><span style=\"font-weight: 400\">M\u00e9s informaci\u00f3: <\/span><a href=\"https:\/\/www.sennutricion.org\/es\/noticia\/ii-congreso-internacional-de-la-red-de-nutricion-aplicada-a-la-mujer-deportista-red-namud\"><span style=\"font-weight: 400\">https:\/\/www.sennutricion.org\/es\/noticia\/ii-congreso-internacional-de-la-red-de-nutricion-aplicada-a-la-mujer-deportista-red-namud<\/span><\/a><\/p>\n<p><\/p>","protected":false},"excerpt":{"rendered":"<p>\u201cNutrici\u00f3 aplicada a la dona tennista\u201d \u00e9s el t\u00edtol de la confer\u00e8ncia que impartir\u00e0 el professor de l\u2019\u00c0rea de Nutrici\u00f3 i Bromatologia de la Universitat Miguel Hern\u00e1ndez d\u2019Elx (UMH) N\u00e9stor Vicente en el II Congr\u00e9s Internacional de Nutrici\u00f3 Aplicada a la Dona Esportista. La trobada, organitzat per la XARXA NAMUD, se celebrar\u00e0 el 27 i [&#8230;]<\/p>\n","protected":false},"author":2693,"featured_media":0,"comment_status":"closed","ping_status":"open","sticky":false,"template":"","format":"standard","meta":{"ngg_post_thumbnail":0,"_links_to":"","_links_to_target":""},"categories":[43],"tags":[],"_links":{"self":[{"href":"https:\/\/comunicacion.umh.es\/ca\/wp-json\/wp\/v2\/posts\/191050"}],"collection":[{"href":"https:\/\/comunicacion.umh.es\/ca\/wp-json\/wp\/v2\/posts"}],"about":[{"href":"https:\/\/comunicacion.umh.es\/ca\/wp-json\/wp\/v2\/types\/post"}],"author":[{"embeddable":true,"href":"https:\/\/comunicacion.umh.es\/ca\/wp-json\/wp\/v2\/users\/2693"}],"replies":[{"embeddable":true,"href":"https:\/\/comunicacion.umh.es\/ca\/wp-json\/wp\/v2\/comments?post=191050"}],"version-history":[{"count":0,"href":"https:\/\/comunicacion.umh.es\/ca\/wp-json\/wp\/v2\/posts\/191050\/revisions"}],"wp:attachment":[{"href":"https:\/\/comunicacion.umh.es\/ca\/wp-json\/wp\/v2\/media?parent=191050"}],"wp:term":[{"taxonomy":"category","embeddable":true,"href":"https:\/\/comunicacion.umh.es\/ca\/wp-json\/wp\/v2\/categories?post=191050"},{"taxonomy":"post_tag","embeddable":true,"href":"https:\/\/comunicacion.umh.es\/ca\/wp-json\/wp\/v2\/tags?post=191050"}],"curies":[{"name":"wp","href":"https:\/\/api.w.org\/{rel}","templated":true}]}}