{"id":191192,"date":"2025-12-01T12:22:06","date_gmt":"2025-12-01T11:22:06","guid":{"rendered":"https:\/\/comunicacion.umh.es\/?p=191192"},"modified":"2025-12-02T09:16:55","modified_gmt":"2025-12-02T08:16:55","slug":"el-aula-placa-de-baix-acoge-una-nueva-sesion-del-ciclo-jornadas-palmeral-25-una-reflexion-para-el-futuro","status":"publish","type":"post","link":"https:\/\/comunicacion.umh.es\/ca\/2025\/12\/01\/el-aula-placa-de-baix-acoge-una-nueva-sesion-del-ciclo-jornadas-palmeral-25-una-reflexion-para-el-futuro\/","title":{"rendered":"L\u2019Aula Pla\u00e7a de Baix acull una nova sessi\u00f3 del cicle Jornades Palmerar 25: Una reflexi\u00f3 per al futur"},"content":{"rendered":"<p><\/p>\n<p style=\"text-align: justify\"><span style=\"font-weight: 400\">La C\u00e0tedra Palmerar d\u2019Elx de la Universitat Miguel Hern\u00e1ndez (UMH) ha organitzat una nova sessi\u00f3 del cicle Jornades Palmerar 25: Una reflexi\u00f3 per al futur, impulsades amb motiu de la commemoraci\u00f3 del 25 aniversari de la Declaraci\u00f3 del Palmerar d\u2019Elx com a Patrimoni de la Humanitat per la UNESCO. La nova sessi\u00f3, titulada El Palmerar com a font de recursos, tindr\u00e0 lloc aquesta vesprada, a partir de les 18.00 hores, a l\u2019Aula Pla\u00e7a de Baix de la UMH.<\/span><!--more--><\/p>\n<p style=\"text-align: justify\"><span style=\"font-weight: 400\"><a href=\"https:\/\/comunicacion.umh.es\/files\/2025\/03\/27-03-25-Placa-de-Baix.jpg\"><img loading=\"lazy\" class=\"size-medium wp-image-184214 alignleft\" src=\"https:\/\/comunicacion.umh.es\/files\/2025\/03\/27-03-25-Placa-de-Baix-300x225.jpg\" alt=\"\" width=\"300\" height=\"225\" srcset=\"https:\/\/comunicacion.umh.es\/files\/2025\/03\/27-03-25-Placa-de-Baix-300x225.jpg 300w, https:\/\/comunicacion.umh.es\/files\/2025\/03\/27-03-25-Placa-de-Baix-1024x768.jpg 1024w, https:\/\/comunicacion.umh.es\/files\/2025\/03\/27-03-25-Placa-de-Baix-768x576.jpg 768w, https:\/\/comunicacion.umh.es\/files\/2025\/03\/27-03-25-Placa-de-Baix.jpg 1200w\" sizes=\"(max-width: 300px) 100vw, 300px\" \/><\/a>En la jornada d\u2019aquesta vesprada intervindran el promotor del Museu de Pu\u00e7ol Fernando Garc\u00eda, qui parlar\u00e0 sobre les tradicions associades a l\u2019\u00fas de les palmeres il\u00b7licitanes; aix\u00ed com el president de l\u2019Associaci\u00f3 de Palmerers d\u2019Elx (APELX), Vicente Campos, qui dissertar\u00e0 sobre l\u2019\u00fas de la palmera com a material de construcci\u00f3 en el camp d\u2019Elx. Per la seua banda, el president de l\u2019Associaci\u00f3 de Productors de D\u00e0til d\u2019Elx, Miguel \u00c1ngel S\u00e1nchez, parlar\u00e0 del d\u00e0til com a recurs econ\u00f2mic del palmerar il\u00b7licit\u00e0. La jornada estar\u00e0 moderada per Francisco Javier Andreu.<\/span><\/p>\n<p style=\"text-align: justify\"><span style=\"font-weight: 400\">Cada sessi\u00f3 del cicle es desenvolupar\u00e0 a l\u2019Aula Pla\u00e7a de Baix de la UMH i seguiran eixos tem\u00e0tics com el Palmerar, la UNESCO, valoritzaci\u00f3 de recursos generats pel palmerar o l\u2019educaci\u00f3 en valors relacionats amb aquest. La jornada es desenvolupar\u00e0 amb un format de tres blocs: mesa tem\u00e0tica oberta, amb intervencions breus d\u2019especialistes; intervenci\u00f3 de convidats especialistes en el tema a tractar i col\u00b7loqui amb el p\u00fablic per a facilitar la interacci\u00f3 entre participants.<\/span><\/p>\n<p style=\"text-align: justify\"><span style=\"font-weight: 400\">Aquestes jornades compten amb la col\u00b7laboraci\u00f3 de l\u2019Ajuntament d\u2019Elx, el Vicerectorat d\u2019Economia i Societat de la UMH, l\u2019Associaci\u00f3 de Productors de D\u00e0tils d\u2019Elx, el Centre d\u2019Investigaci\u00f3 i Innovaci\u00f3 Agroaliment\u00e0ria i Agroambiental (CIAGRO) de la UMH, l\u2019Escola Polit\u00e8cnica Superior d\u2019Orihuela (EPSO) i els projectes d\u2019investigaci\u00f3 relacionats amb el palmerar il\u00b7licit\u00e0 VALORACV, ECOBIOFUN i SIMPLYDATE.<\/span><\/p>\n<p><\/p>","protected":false},"excerpt":{"rendered":"<p>La C\u00e0tedra Palmerar d\u2019Elx de la Universitat Miguel Hern\u00e1ndez (UMH) ha organitzat una nova sessi\u00f3 del cicle Jornades Palmerar 25: Una reflexi\u00f3 per al futur, impulsades amb motiu de la commemoraci\u00f3 del 25 aniversari de la Declaraci\u00f3 del Palmerar d\u2019Elx com a Patrimoni de la Humanitat per la UNESCO. La nova sessi\u00f3, titulada El Palmerar [&#8230;]<\/p>\n","protected":false},"author":32202,"featured_media":0,"comment_status":"closed","ping_status":"open","sticky":false,"template":"","format":"standard","meta":{"ngg_post_thumbnail":0,"_links_to":"","_links_to_target":""},"categories":[43],"tags":[],"_links":{"self":[{"href":"https:\/\/comunicacion.umh.es\/ca\/wp-json\/wp\/v2\/posts\/191192"}],"collection":[{"href":"https:\/\/comunicacion.umh.es\/ca\/wp-json\/wp\/v2\/posts"}],"about":[{"href":"https:\/\/comunicacion.umh.es\/ca\/wp-json\/wp\/v2\/types\/post"}],"author":[{"embeddable":true,"href":"https:\/\/comunicacion.umh.es\/ca\/wp-json\/wp\/v2\/users\/32202"}],"replies":[{"embeddable":true,"href":"https:\/\/comunicacion.umh.es\/ca\/wp-json\/wp\/v2\/comments?post=191192"}],"version-history":[{"count":0,"href":"https:\/\/comunicacion.umh.es\/ca\/wp-json\/wp\/v2\/posts\/191192\/revisions"}],"wp:attachment":[{"href":"https:\/\/comunicacion.umh.es\/ca\/wp-json\/wp\/v2\/media?parent=191192"}],"wp:term":[{"taxonomy":"category","embeddable":true,"href":"https:\/\/comunicacion.umh.es\/ca\/wp-json\/wp\/v2\/categories?post=191192"},{"taxonomy":"post_tag","embeddable":true,"href":"https:\/\/comunicacion.umh.es\/ca\/wp-json\/wp\/v2\/tags?post=191192"}],"curies":[{"name":"wp","href":"https:\/\/api.w.org\/{rel}","templated":true}]}}