{"id":191218,"date":"2025-12-02T10:41:46","date_gmt":"2025-12-02T09:41:46","guid":{"rendered":"https:\/\/comunicacion.umh.es\/?p=191218"},"modified":"2025-12-03T11:54:21","modified_gmt":"2025-12-03T10:54:21","slug":"el-aula-placa-de-baix-acoge-la-conferencia-el-arte-de-leer-en-publico","status":"publish","type":"post","link":"https:\/\/comunicacion.umh.es\/ca\/2025\/12\/02\/el-aula-placa-de-baix-acoge-la-conferencia-el-arte-de-leer-en-publico\/","title":{"rendered":"L\u2019Aula Pla\u00e7a de Baix acull la confer\u00e8ncia \u201cL\u2019art de llegir en p\u00fablic\u201d"},"content":{"rendered":"<p><\/p>\n<p style=\"text-align: justify\"><span style=\"font-weight: 400\">El Vicerectorat de Cultura, Igualtat i Diversitat de la Universitat Miguel Hern\u00e1ndez d\u2019Elx (UMH) junt amb Casa Mediterrani han organitzat la confer\u00e8ncia \u201cL\u2019art de llegir en p\u00fablic\u201d, impartida per Coral Pastor. La jornada t\u00e9 l\u2019objectiu d\u2019aprofundir en els aspectes psicof\u00edsics i socials que intervenen en la lectura en p\u00fablic i tindr\u00e0 lloc dem\u00e0 dimecres, 3 de desembre, a les 19.00 hores a l\u2019Aula Pla\u00e7a de Baix UMH. L\u2019entrada \u00e9s lliure fins a completar aforament.<\/span><!--more--><\/p>\n<p style=\"text-align: justify\"><span style=\"font-weight: 400\"><a href=\"https:\/\/comunicacion.umh.es\/files\/2025\/03\/27-03-25-Placa-de-Baix.jpg\"><img loading=\"lazy\" class=\"alignleft size-medium wp-image-184214\" src=\"https:\/\/comunicacion.umh.es\/files\/2025\/03\/27-03-25-Placa-de-Baix-300x225.jpg\" alt=\"\" width=\"300\" height=\"225\" srcset=\"https:\/\/comunicacion.umh.es\/files\/2025\/03\/27-03-25-Placa-de-Baix-300x225.jpg 300w, https:\/\/comunicacion.umh.es\/files\/2025\/03\/27-03-25-Placa-de-Baix-1024x768.jpg 1024w, https:\/\/comunicacion.umh.es\/files\/2025\/03\/27-03-25-Placa-de-Baix-768x576.jpg 768w, https:\/\/comunicacion.umh.es\/files\/2025\/03\/27-03-25-Placa-de-Baix.jpg 1200w\" sizes=\"(max-width: 300px) 100vw, 300px\" \/><\/a>Al llarg de la confer\u00e8ncia, la ponent reflexionar\u00e0 sobre com aquest acte contribueix al desenvolupament personal de qui el practica, aix\u00ed com la seua capacitat per a generar una connexi\u00f3 social entre l lector i la seua audi\u00e8ncia. Aquesta activitat representa una reflexi\u00f3 integral sobre la lectura en p\u00fablic, no sols com una habilitat t\u00e8cnica, sin\u00f3 com un acte cultural que enforteix els lla\u00e7os socials i promou el gaudi compartit de la paraula parlada.<\/span><\/p>\n<p style=\"text-align: justify\"><span style=\"font-weight: 400\">Segons els organitzadors, en els \u00faltims anys, la lectura en p\u00fablic ha adquirit una creixent popularitat, transcendint l\u2019\u00e0mbit acad\u00e8mic i professional per a arribar a diversos espais culturals, com grups de poesia, associacions i esdeveniments literaris. Lluny de ser una simple transcripci\u00f3 de paraules, llegir en p\u00fablic \u00e9s un acte que implica una projecci\u00f3 fon\u00e8tica, un domini del ritme i una connexi\u00f3 emocional amb el text, transformant-lo en una experi\u00e8ncia compartida amb el p\u00fablic. Aquest tipus de lectura requereix una comprensi\u00f3 profunda del contingut, per\u00f2 tamb\u00e9 de la t\u00e8cnica. La correcta articulaci\u00f3, la cad\u00e8ncia de la veu i la postura juguen un paper fonamental en la transmissi\u00f3 efectiva de les paraules. En aquest sentit, la lectura en p\u00fablic es converteix en un acte esc\u00e8nic que va m\u00e9s enll\u00e0 de la simple recitaci\u00f3, fent que el text cobre vida i es convertisca en una viv\u00e8ncia per a l\u2019espectador.<\/span><\/p>\n<p style=\"text-align: justify\"><span style=\"font-weight: 400\"><a href=\"https:\/\/comunicacion.umh.es\/files\/2025\/12\/02-12-25-conferencia-leer-en-publico-noy.jpg\"><img loading=\"lazy\" class=\"alignleft size-medium wp-image-191224\" src=\"https:\/\/comunicacion.umh.es\/files\/2025\/12\/02-12-25-conferencia-leer-en-publico-noy-300x225.jpg\" alt=\"\" width=\"300\" height=\"225\" srcset=\"https:\/\/comunicacion.umh.es\/files\/2025\/12\/02-12-25-conferencia-leer-en-publico-noy-300x225.jpg 300w, https:\/\/comunicacion.umh.es\/files\/2025\/12\/02-12-25-conferencia-leer-en-publico-noy-1024x768.jpg 1024w, https:\/\/comunicacion.umh.es\/files\/2025\/12\/02-12-25-conferencia-leer-en-publico-noy-768x576.jpg 768w, https:\/\/comunicacion.umh.es\/files\/2025\/12\/02-12-25-conferencia-leer-en-publico-noy.jpg 1200w\" sizes=\"(max-width: 300px) 100vw, 300px\" \/><\/a>M\u00e9s informaci\u00f3: <\/span><a href=\"https:\/\/cultura.umh.es\/es\/2025\/11\/21\/conferencia-lart-de-llegir-en-public\/\"><span style=\"font-weight: 400\">https:\/\/cultura.umh.es\/es\/2025\/11\/21\/conferencia-lart-de-llegir-en-public\/<\/span><\/a><\/p>\n<p><\/p>","protected":false},"excerpt":{"rendered":"<p>El Vicerectorat de Cultura, Igualtat i Diversitat de la Universitat Miguel Hern\u00e1ndez d\u2019Elx (UMH) junt amb Casa Mediterrani han organitzat la confer\u00e8ncia \u201cL\u2019art de llegir en p\u00fablic\u201d, impartida per Coral Pastor. La jornada t\u00e9 l\u2019objectiu d\u2019aprofundir en els aspectes psicof\u00edsics i socials que intervenen en la lectura en p\u00fablic i tindr\u00e0 lloc dem\u00e0 dimecres, 3 [&#8230;]<\/p>\n","protected":false},"author":32202,"featured_media":0,"comment_status":"closed","ping_status":"open","sticky":false,"template":"","format":"standard","meta":{"ngg_post_thumbnail":0,"_links_to":"","_links_to_target":""},"categories":[43],"tags":[],"_links":{"self":[{"href":"https:\/\/comunicacion.umh.es\/ca\/wp-json\/wp\/v2\/posts\/191218"}],"collection":[{"href":"https:\/\/comunicacion.umh.es\/ca\/wp-json\/wp\/v2\/posts"}],"about":[{"href":"https:\/\/comunicacion.umh.es\/ca\/wp-json\/wp\/v2\/types\/post"}],"author":[{"embeddable":true,"href":"https:\/\/comunicacion.umh.es\/ca\/wp-json\/wp\/v2\/users\/32202"}],"replies":[{"embeddable":true,"href":"https:\/\/comunicacion.umh.es\/ca\/wp-json\/wp\/v2\/comments?post=191218"}],"version-history":[{"count":0,"href":"https:\/\/comunicacion.umh.es\/ca\/wp-json\/wp\/v2\/posts\/191218\/revisions"}],"wp:attachment":[{"href":"https:\/\/comunicacion.umh.es\/ca\/wp-json\/wp\/v2\/media?parent=191218"}],"wp:term":[{"taxonomy":"category","embeddable":true,"href":"https:\/\/comunicacion.umh.es\/ca\/wp-json\/wp\/v2\/categories?post=191218"},{"taxonomy":"post_tag","embeddable":true,"href":"https:\/\/comunicacion.umh.es\/ca\/wp-json\/wp\/v2\/tags?post=191218"}],"curies":[{"name":"wp","href":"https:\/\/api.w.org\/{rel}","templated":true}]}}