{"id":191239,"date":"2025-12-02T10:50:00","date_gmt":"2025-12-02T09:50:00","guid":{"rendered":"https:\/\/comunicacion.umh.es\/?p=191239"},"modified":"2025-12-03T11:51:15","modified_gmt":"2025-12-03T10:51:15","slug":"vi-jornadas-dia-internacional-de-las-personas-con-discapacidad","status":"publish","type":"post","link":"https:\/\/comunicacion.umh.es\/ca\/2025\/12\/02\/vi-jornadas-dia-internacional-de-las-personas-con-discapacidad\/","title":{"rendered":"VI Jornades Dia Internacional de les Persones amb Discapacitat"},"content":{"rendered":"<p><\/p>\n<p style=\"text-align: justify\"><span style=\"font-weight: 400\">La Unitat de Suport a la Discapacitat de la Universitat Miguel Hern\u00e1ndez d\u2019Elx (UMH) ha organitzat les VI Jornades Dia Internacional de les Persones amb Discapacitat, una activitat que busca visibilitzar la discapacitat i sensibilitzar sobre aquesta, promoure l\u2019empatia, la igualtat d\u2019oportunitats i fomentar la inclusi\u00f3, especialment en l\u2019\u00e0mbit universitari. Les jornades tindran lloc dem\u00e0 dimecres, 3 de desembre, a partir de les 09.00 hores, en la Sala d\u2019Actes de l\u2019edifici Severo Ochoa del campus de Sant Joan d\u2019Alacant.<\/span><!--more--><\/p>\n<p style=\"text-align: justify\"><span style=\"font-weight: 400\"><a href=\"https:\/\/comunicacion.umh.es\/files\/2025\/12\/02-11-25-jornadas-discapacidad-not.jpg\"><img loading=\"lazy\" class=\"size-medium wp-image-191242 alignleft\" src=\"https:\/\/comunicacion.umh.es\/files\/2025\/12\/02-11-25-jornadas-discapacidad-not-300x225.jpg\" alt=\"\" width=\"300\" height=\"225\" srcset=\"https:\/\/comunicacion.umh.es\/files\/2025\/12\/02-11-25-jornadas-discapacidad-not-300x225.jpg 300w, https:\/\/comunicacion.umh.es\/files\/2025\/12\/02-11-25-jornadas-discapacidad-not-1024x768.jpg 1024w, https:\/\/comunicacion.umh.es\/files\/2025\/12\/02-11-25-jornadas-discapacidad-not-768x576.jpg 768w, https:\/\/comunicacion.umh.es\/files\/2025\/12\/02-11-25-jornadas-discapacidad-not.jpg 1200w\" sizes=\"(max-width: 300px) 100vw, 300px\" \/><\/a>L\u2019acte d\u2019inauguraci\u00f3 estar\u00e0 presidit per la vicerectora de Cultura, Igualtat i Diversitat, Mar\u00eda Asunci\u00f3n Amor\u00f3s Marco; la vicedegana del grau en Ter\u00e0pia Ocupacional, Paula Peral G\u00f3mez; i la presidenta del Comit\u00e9 Organitzador, Gina Adriana Saavedra Valqui. Durant el dia, s\u2019abordaran temes com l\u2019esport inclusiu amb Llan\u00e7adora Esportiva i des del testimoniatge de primera m\u00e0 de Mar\u00eda G\u00f3mez Sirvent; la igualtat de g\u00e8nere i la seua intersecci\u00f3 amb la discapacitat per APSA; l\u2019accessibilitat educativa i dues taules de testimoniatges en primera persona de membres de la comunitat universit\u00e0ria i associacions que tracten amb aquests col\u00b7lectius.<\/span><\/p>\n<p style=\"text-align: justify\"><span style=\"font-weight: 400\">La jornada conclour\u00e0 amb l\u2019activitat \u201cPlacant l\u2019exclusi\u00f3\u201d, a c\u00e0rrec de l\u2019Equip de Rugbi Inclusiu d\u2019Oriola, el lliurament de premis als millors treballs i investigacions en mat\u00e8ria de discapacitat i l\u2019acte de clausura, encap\u00e7alat per la vicedegana de Projecci\u00f3 del Grau en Ter\u00e0pia Ocupacional, Cristina Espinosa Sempere; la directora de la Unitat de Diversitat i Discapacitat de la UMH, Alicia S\u00e1nchez P\u00e9rez, i la vicepresidenta del Comit\u00e9 Organitzador, Ana Luc\u00eda Garc\u00eda.<\/span><\/p>\n<p style=\"text-align: justify\"><span style=\"font-weight: 400\">Amb aquesta iniciativa, la UMH reafirma el seu comprom\u00eds amb la inclusi\u00f3, l\u2019equitat i la participaci\u00f3 plena de les persones amb discapacitat, impulsant una universitat cada vegada m\u00e9s accessible i diversa. L\u2019esdeveniment s\u2019ha organitzat amb la col\u00b7laboraci\u00f3 de les seg\u00fcents associacions: Fundaci\u00f3 Adecco, APSA Alacant, APCA Alacant, ADACEA Alacant, l\u2019Institut d\u2019Investigaci\u00f3 en Enginyeria d\u2019Elx, APDA Aspe, Llan\u00e7adora Esportiva, Llan\u00e7adora per a l\u2019Ocupaci\u00f3, la Associaci\u00f3 Comtat-Alcoi\u00e0 Fent Cam\u00ed, el Centre Sant Rafael de la Fundaci\u00f3 Estima, Kotikoko i l\u2019Oriola Club de Rugbi.<\/span><\/p>\n<p><\/p>","protected":false},"excerpt":{"rendered":"<p>La Unitat de Suport a la Discapacitat de la Universitat Miguel Hern\u00e1ndez d\u2019Elx (UMH) ha organitzat les VI Jornades Dia Internacional de les Persones amb Discapacitat, una activitat que busca visibilitzar la discapacitat i sensibilitzar sobre aquesta, promoure l\u2019empatia, la igualtat d\u2019oportunitats i fomentar la inclusi\u00f3, especialment en l\u2019\u00e0mbit universitari. Les jornades tindran lloc dem\u00e0 [&#8230;]<\/p>\n","protected":false},"author":32202,"featured_media":0,"comment_status":"closed","ping_status":"open","sticky":false,"template":"","format":"standard","meta":{"ngg_post_thumbnail":0,"_links_to":"","_links_to_target":""},"categories":[43],"tags":[],"_links":{"self":[{"href":"https:\/\/comunicacion.umh.es\/ca\/wp-json\/wp\/v2\/posts\/191239"}],"collection":[{"href":"https:\/\/comunicacion.umh.es\/ca\/wp-json\/wp\/v2\/posts"}],"about":[{"href":"https:\/\/comunicacion.umh.es\/ca\/wp-json\/wp\/v2\/types\/post"}],"author":[{"embeddable":true,"href":"https:\/\/comunicacion.umh.es\/ca\/wp-json\/wp\/v2\/users\/32202"}],"replies":[{"embeddable":true,"href":"https:\/\/comunicacion.umh.es\/ca\/wp-json\/wp\/v2\/comments?post=191239"}],"version-history":[{"count":0,"href":"https:\/\/comunicacion.umh.es\/ca\/wp-json\/wp\/v2\/posts\/191239\/revisions"}],"wp:attachment":[{"href":"https:\/\/comunicacion.umh.es\/ca\/wp-json\/wp\/v2\/media?parent=191239"}],"wp:term":[{"taxonomy":"category","embeddable":true,"href":"https:\/\/comunicacion.umh.es\/ca\/wp-json\/wp\/v2\/categories?post=191239"},{"taxonomy":"post_tag","embeddable":true,"href":"https:\/\/comunicacion.umh.es\/ca\/wp-json\/wp\/v2\/tags?post=191239"}],"curies":[{"name":"wp","href":"https:\/\/api.w.org\/{rel}","templated":true}]}}