{"id":191269,"date":"2025-12-03T09:28:34","date_gmt":"2025-12-03T08:28:34","guid":{"rendered":"https:\/\/comunicacion.umh.es\/?p=191269"},"modified":"2025-12-04T10:27:13","modified_gmt":"2025-12-04T09:27:13","slug":"el-profesor-sanchez-angulo-publica-en-la-plataforma-the-microbiologist-un-articulo-sobre-el-cine-como-herramienta-educativa","status":"publish","type":"post","link":"https:\/\/comunicacion.umh.es\/ca\/2025\/12\/03\/el-profesor-sanchez-angulo-publica-en-la-plataforma-the-microbiologist-un-articulo-sobre-el-cine-como-herramienta-educativa\/","title":{"rendered":"El professor S\u00e1nchez Angulo publica en la plataforma The Microbiologist un article sobre el cinema com a eina educativa"},"content":{"rendered":"<p><\/p>\n<p style=\"text-align: justify\"><span style=\"font-weight: 400\">Quan les pel\u00b7l\u00edcules ens ensenyen a estimar als microbis \u00e9s el t\u00edtol de l\u2019article que ha publicat el professor de l\u2019\u00c0rea de Microbiologia de la Universitat Miguel Hern\u00e1ndez d\u2019Elx (UMH) Manuel S\u00e1nchez Angulo en la plataforma digital <\/span><i><span style=\"font-weight: 400\">The Microbiologist<\/span><\/i><span style=\"font-weight: 400\">. L\u2019article proposa utilitzar el cinema com a eina educativa per a combatre la germof\u00f2bia i celebrar el rol indispensable d\u2019aquests &#8220;\u00e9ssers invisibles&#8221; en la vida di\u00e0ria. El text advoca per la \u2018microbiologia positiva\u2019, un enfocament que ressalta les contribucions de bacteris, fongs i virus en la producci\u00f3 d\u2019aliments, la medicina, l\u2019energia i la sostenibilitat ambiental.<\/span><!--more--><\/p>\n<p style=\"text-align: justify\"><span style=\"font-weight: 400\"><a href=\"https:\/\/comunicacion.umh.es\/files\/2025\/12\/03-12-25-plataforma-digital-microbial.jpg\"><img loading=\"lazy\" class=\"size-medium wp-image-191272 alignleft\" src=\"https:\/\/comunicacion.umh.es\/files\/2025\/12\/03-12-25-plataforma-digital-microbial-300x225.jpg\" alt=\"\" width=\"300\" height=\"225\" srcset=\"https:\/\/comunicacion.umh.es\/files\/2025\/12\/03-12-25-plataforma-digital-microbial-300x225.jpg 300w, https:\/\/comunicacion.umh.es\/files\/2025\/12\/03-12-25-plataforma-digital-microbial-1024x768.jpg 1024w, https:\/\/comunicacion.umh.es\/files\/2025\/12\/03-12-25-plataforma-digital-microbial-768x576.jpg 768w, https:\/\/comunicacion.umh.es\/files\/2025\/12\/03-12-25-plataforma-digital-microbial.jpg 1200w\" sizes=\"(max-width: 300px) 100vw, 300px\" \/><\/a>Segons el professor de la UMH S\u00e1nchez Angulo, un exemple d\u2019aquest enfocament el tenim en la pel\u00b7l\u00edcula <\/span><i><span style=\"font-weight: 400\">Mad Max III. M\u00e9s enll\u00e0 de la C\u00fapula del Tro<\/span><\/i><span style=\"font-weight: 400\"> (1985, George Miller i George Ogilvie). En aquesta dist\u00f2pia, l\u2019assentament de NegoCiudad s\u2019alimenta d\u2019una planta de biog\u00e0s que converteix fem en met\u00e0, gr\u00e0cies a microbis metanog\u00e8nics, a trav\u00e9s de la il\u00b7lustraci\u00f3 d\u2019un model de bioeconom\u00eda circular. Altres exemples destaquen la innovaci\u00f3 biotecnol\u00f2gica en <\/span><i><span style=\"font-weight: 400\">Mesures Extraordin\u00e0ries<\/span><\/i><span style=\"font-weight: 400\"> (2010, Tom Vaughan), on es narra la fundaci\u00f3 de l\u2019empresa Novazyme per a ter\u00e0pies enzim\u00e0tiques contra la malaltia de Pompe o el proc\u00e9s de com es va dur a terme el desenvolupament de la penicil\u00b7lina com a medicament en <\/span><i><span style=\"font-weight: 400\">Breaking the Mould<\/span><\/i><span style=\"font-weight: 400\"> (2009, Peter Hoar).<\/span><\/p>\n<p style=\"text-align: justify\"><span style=\"font-weight: 400\"><br \/>\n<\/span> <i><span style=\"font-weight: 400\">The Microbiologist<\/span><\/i><span style=\"font-weight: 400\"> \u00e9s una plataforma digital dedicada a la microbiologia, que actua com un recurs integral per a la difusi\u00f3 d\u2019informaci\u00f3 actualitzada sobre investigaci\u00f3, temes clau, revisions, esdeveniments i not\u00edcies en diverses \u00e0rees d\u2019aquesta disciplina cient\u00edfica. Forma part de la iniciativa de la Applied Microbiology International (AMI), una organitzaci\u00f3 que busca unir a la comunitat microbiol\u00f2gica internacional per a avan\u00e7ar en l\u2019impacte cient\u00edfic i social de la microbiologia.<\/span><span style=\"font-weight: 400\"><br \/>\n<\/span><span style=\"font-weight: 400\"><br \/>\n<\/span> <span style=\"font-weight: 400\">Manuel S\u00e1nchez \u00e9s membre del grup de Doc\u00e8ncia i Difusi\u00f3 de la Societat Espanyola de Microbiologia (<\/span><a href=\"https:\/\/www.semicrobiologia.org\/\"><span style=\"font-weight: 400\">https:\/\/www.semicrobiologia.org\/<\/span><\/a><span style=\"font-weight: 400\">) que promou l\u2019elaboraci\u00f3 i intercanvi de recursos i materials de doc\u00e8ncia i difusi\u00f3 de la Microbiologia de manera oberta. Tamb\u00e9, s\u2019encarreguen d\u2019analitzar la difusi\u00f3 de temes relacionats amb la Microbiologia en els mitjans de comunicaci\u00f3 i incidir en la rigorositat d\u2019aquesta informaci\u00f3, en l\u00ednia amb les directrius de la International Microbe Literacy Initiative (IMiLI).<\/span><\/p>\n<p style=\"text-align: justify\"><span style=\"font-weight: 400\">L\u2019article complet est\u00e0 disponible en: <\/span><a href=\"https:\/\/www.the-microbiologist.com\/features\/when-movies-teach-us-to-lovmicrobes\/7230.article\"><span style=\"font-weight: 400\">https:\/\/www.the-microbiologist.com\/features\/when-movies-teach-us-to-lovmicrobes\/7230.article<\/span><\/a><span style=\"font-weight: 400\">.<\/span><\/p>\n<p><\/p>","protected":false},"excerpt":{"rendered":"<p>Quan les pel\u00b7l\u00edcules ens ensenyen a estimar als microbis \u00e9s el t\u00edtol de l\u2019article que ha publicat el professor de l\u2019\u00c0rea de Microbiologia de la Universitat Miguel Hern\u00e1ndez d\u2019Elx (UMH) Manuel S\u00e1nchez Angulo en la plataforma digital The Microbiologist. L\u2019article proposa utilitzar el cinema com a eina educativa per a combatre la germof\u00f2bia i celebrar [&#8230;]<\/p>\n","protected":false},"author":32202,"featured_media":0,"comment_status":"closed","ping_status":"open","sticky":false,"template":"","format":"standard","meta":{"ngg_post_thumbnail":0,"_links_to":"","_links_to_target":""},"categories":[43],"tags":[],"_links":{"self":[{"href":"https:\/\/comunicacion.umh.es\/ca\/wp-json\/wp\/v2\/posts\/191269"}],"collection":[{"href":"https:\/\/comunicacion.umh.es\/ca\/wp-json\/wp\/v2\/posts"}],"about":[{"href":"https:\/\/comunicacion.umh.es\/ca\/wp-json\/wp\/v2\/types\/post"}],"author":[{"embeddable":true,"href":"https:\/\/comunicacion.umh.es\/ca\/wp-json\/wp\/v2\/users\/32202"}],"replies":[{"embeddable":true,"href":"https:\/\/comunicacion.umh.es\/ca\/wp-json\/wp\/v2\/comments?post=191269"}],"version-history":[{"count":0,"href":"https:\/\/comunicacion.umh.es\/ca\/wp-json\/wp\/v2\/posts\/191269\/revisions"}],"wp:attachment":[{"href":"https:\/\/comunicacion.umh.es\/ca\/wp-json\/wp\/v2\/media?parent=191269"}],"wp:term":[{"taxonomy":"category","embeddable":true,"href":"https:\/\/comunicacion.umh.es\/ca\/wp-json\/wp\/v2\/categories?post=191269"},{"taxonomy":"post_tag","embeddable":true,"href":"https:\/\/comunicacion.umh.es\/ca\/wp-json\/wp\/v2\/tags?post=191269"}],"curies":[{"name":"wp","href":"https:\/\/api.w.org\/{rel}","templated":true}]}}