{"id":191281,"date":"2025-12-03T09:33:27","date_gmt":"2025-12-03T08:33:27","guid":{"rendered":"https:\/\/comunicacion.umh.es\/?p=191281"},"modified":"2025-12-04T10:25:19","modified_gmt":"2025-12-04T09:25:19","slug":"el-jefe-de-la-oficina-de-investigacion-responsable-presidente-de-la-sociedad-espanola-para-las-ciencias-del-animal-de-laboratorio","status":"publish","type":"post","link":"https:\/\/comunicacion.umh.es\/ca\/2025\/12\/03\/el-jefe-de-la-oficina-de-investigacion-responsable-presidente-de-la-sociedad-espanola-para-las-ciencias-del-animal-de-laboratorio\/","title":{"rendered":"El cap de l\u2019Oficina d\u2019Investigaci\u00f3 Responsable, president de la Societat Espanyola per a les Ci\u00e8ncies de l\u2019Animal de Laboratori"},"content":{"rendered":"<p><\/p>\n<p style=\"text-align: justify\"><span style=\"font-weight: 400\">La Societat Espanyola per a les Ci\u00e8ncies de l\u2019Animal de Laboratori (SECAL) ha nomenat el cap de l\u2019Oficina d\u2019Investigaci\u00f3 Responsable de la Universitat Miguel Hern\u00e1ndez d\u2019Elx (UMH), Alberto Pastor Campos, nou president de la Societat. El nomenament s\u2019ha realitzat despr\u00e9s de l\u2019Assemblea General Ordin\u00e0ria de la SECAL, celebrada a Bilbao en el marc del XVIII Congr\u00e9s de SECAL. Pastor ha accedit en el c\u00e0rrec despr\u00e9s d\u2019haver exercit pr\u00e8viament el de vicepresident.<\/span><!--more--><\/p>\n<p style=\"text-align: justify\"><span style=\"font-weight: 400\"><a href=\"https:\/\/comunicacion.umh.es\/files\/2025\/12\/unnamed1-scaled.jpg\"><img loading=\"lazy\" class=\"size-medium wp-image-191309 alignleft\" src=\"https:\/\/comunicacion.umh.es\/files\/2025\/12\/unnamed1-300x225.jpg\" alt=\"\" width=\"300\" height=\"225\" srcset=\"https:\/\/comunicacion.umh.es\/files\/2025\/12\/unnamed1-300x225.jpg 300w, https:\/\/comunicacion.umh.es\/files\/2025\/12\/unnamed1-1024x768.jpg 1024w, https:\/\/comunicacion.umh.es\/files\/2025\/12\/unnamed1-768x576.jpg 768w, https:\/\/comunicacion.umh.es\/files\/2025\/12\/unnamed1-1536x1152.jpg 1536w, https:\/\/comunicacion.umh.es\/files\/2025\/12\/unnamed1-2048x1536.jpg 2048w\" sizes=\"(max-width: 300px) 100vw, 300px\" \/><\/a>Sota la seua presid\u00e8ncia, SECAL refor\u00e7ar\u00e0 el seu comprom\u00eds amb la promoci\u00f3 de les ci\u00e8ncies de l\u2019animal de laboratori basades en l\u2019excel\u00b7l\u00e8ncia cient\u00edfica; la integraci\u00f3 efectiva dels principis de les 3Rs (Reempla\u00e7ament, Reducci\u00f3 i Refinament); la divulgaci\u00f3 cient\u00edfica del paper que, encara hui dia, juguen els animals en l\u2019avan\u00e7 cient\u00edfic i en la millora de la qualitat de vida de persones i animals. Tamb\u00e9, impulsar\u00e0 la formaci\u00f3 de qualitat de tots els professionals implicats en la cura i \u00fas d\u2019animals d\u2019experimentaci\u00f3; i el foment del di\u00e0leg amb les institucions, la comunitat cient\u00edfica i la societat en mat\u00e8ria de benestar animal i \u00e8tica en investigaci\u00f3.<\/span><\/p>\n<p style=\"text-align: justify\"><span style=\"font-weight: 400\">Juntament amb el nomenament del president, l\u2019Assemblea ha aprovat una renovaci\u00f3 parcial de la Junta de Govern. M\u00e9s informaci\u00f3: <\/span><a href=\"https:\/\/secal.es\/renovacion-de-la-junta-de-gobierno-de-secal\/\"><span style=\"font-weight: 400\">https:\/\/secal.es\/renovacion-de-la-junta-de-gobierno-de-secal\/<\/span><\/a><\/p>\n<p><\/p>","protected":false},"excerpt":{"rendered":"<p>La Societat Espanyola per a les Ci\u00e8ncies de l\u2019Animal de Laboratori (SECAL) ha nomenat el cap de l\u2019Oficina d\u2019Investigaci\u00f3 Responsable de la Universitat Miguel Hern\u00e1ndez d\u2019Elx (UMH), Alberto Pastor Campos, nou president de la Societat. El nomenament s\u2019ha realitzat despr\u00e9s de l\u2019Assemblea General Ordin\u00e0ria de la SECAL, celebrada a Bilbao en el marc del XVIII [&#8230;]<\/p>\n","protected":false},"author":32202,"featured_media":0,"comment_status":"closed","ping_status":"open","sticky":false,"template":"","format":"standard","meta":{"ngg_post_thumbnail":0,"_links_to":"","_links_to_target":""},"categories":[43],"tags":[],"_links":{"self":[{"href":"https:\/\/comunicacion.umh.es\/ca\/wp-json\/wp\/v2\/posts\/191281"}],"collection":[{"href":"https:\/\/comunicacion.umh.es\/ca\/wp-json\/wp\/v2\/posts"}],"about":[{"href":"https:\/\/comunicacion.umh.es\/ca\/wp-json\/wp\/v2\/types\/post"}],"author":[{"embeddable":true,"href":"https:\/\/comunicacion.umh.es\/ca\/wp-json\/wp\/v2\/users\/32202"}],"replies":[{"embeddable":true,"href":"https:\/\/comunicacion.umh.es\/ca\/wp-json\/wp\/v2\/comments?post=191281"}],"version-history":[{"count":0,"href":"https:\/\/comunicacion.umh.es\/ca\/wp-json\/wp\/v2\/posts\/191281\/revisions"}],"wp:attachment":[{"href":"https:\/\/comunicacion.umh.es\/ca\/wp-json\/wp\/v2\/media?parent=191281"}],"wp:term":[{"taxonomy":"category","embeddable":true,"href":"https:\/\/comunicacion.umh.es\/ca\/wp-json\/wp\/v2\/categories?post=191281"},{"taxonomy":"post_tag","embeddable":true,"href":"https:\/\/comunicacion.umh.es\/ca\/wp-json\/wp\/v2\/tags?post=191281"}],"curies":[{"name":"wp","href":"https:\/\/api.w.org\/{rel}","templated":true}]}}