{"id":191300,"date":"2025-12-03T09:25:50","date_gmt":"2025-12-03T08:25:50","guid":{"rendered":"https:\/\/comunicacion.umh.es\/?p=191300"},"modified":"2025-12-03T12:17:43","modified_gmt":"2025-12-03T11:17:43","slug":"valencia-la-fundacion-sindrome-de-dravet-ganadora-de-los-premios-somos-pacientes-por-su-laboratorio-de-investigacion-ubicado-en-el-pcumh","status":"publish","type":"post","link":"https:\/\/comunicacion.umh.es\/ca\/2025\/12\/03\/valencia-la-fundacion-sindrome-de-dravet-ganadora-de-los-premios-somos-pacientes-por-su-laboratorio-de-investigacion-ubicado-en-el-pcumh\/","title":{"rendered":"<span lang=\"es\">(Espa\u00f1ol) La Fundaci\u00f3n S\u00edndrome de Dravet, ganadora de los Premios Somos Pacientes por su laboratorio de investigaci\u00f3n ubicado en el PCUMH<\/span>"},"content":{"rendered":"<p class=\"qtranxs-available-languages-message qtranxs-available-languages-message-ca\">Ho sent, per\u00f2 aquesta entrada nom\u00e9s est\u00e0 disponible en <a href=\"https:\/\/comunicacion.umh.es\/es\/wp-json\/wp\/v2\/posts\/191300\" class=\"qtranxs-available-language-link qtranxs-available-language-link-es\" title=\"Espa\u00f1ol\">Espanyol Europeu<\/a>.<\/p>","protected":false},"excerpt":{"rendered":"<p>Ho sent, per\u00f2 aquesta entrada nom\u00e9s est\u00e0 disponible en Espanyol Europeu.<\/p>\n","protected":false},"author":32202,"featured_media":0,"comment_status":"closed","ping_status":"open","sticky":false,"template":"","format":"standard","meta":{"ngg_post_thumbnail":0,"_links_to":"","_links_to_target":""},"categories":[43],"tags":[],"_links":{"self":[{"href":"https:\/\/comunicacion.umh.es\/ca\/wp-json\/wp\/v2\/posts\/191300"}],"collection":[{"href":"https:\/\/comunicacion.umh.es\/ca\/wp-json\/wp\/v2\/posts"}],"about":[{"href":"https:\/\/comunicacion.umh.es\/ca\/wp-json\/wp\/v2\/types\/post"}],"author":[{"embeddable":true,"href":"https:\/\/comunicacion.umh.es\/ca\/wp-json\/wp\/v2\/users\/32202"}],"replies":[{"embeddable":true,"href":"https:\/\/comunicacion.umh.es\/ca\/wp-json\/wp\/v2\/comments?post=191300"}],"version-history":[{"count":0,"href":"https:\/\/comunicacion.umh.es\/ca\/wp-json\/wp\/v2\/posts\/191300\/revisions"}],"wp:attachment":[{"href":"https:\/\/comunicacion.umh.es\/ca\/wp-json\/wp\/v2\/media?parent=191300"}],"wp:term":[{"taxonomy":"category","embeddable":true,"href":"https:\/\/comunicacion.umh.es\/ca\/wp-json\/wp\/v2\/categories?post=191300"},{"taxonomy":"post_tag","embeddable":true,"href":"https:\/\/comunicacion.umh.es\/ca\/wp-json\/wp\/v2\/tags?post=191300"}],"curies":[{"name":"wp","href":"https:\/\/api.w.org\/{rel}","templated":true}]}}