{"id":191327,"date":"2025-12-04T10:04:46","date_gmt":"2025-12-04T09:04:46","guid":{"rendered":"https:\/\/comunicacion.umh.es\/?p=191327"},"modified":"2025-12-05T09:57:59","modified_gmt":"2025-12-05T08:57:59","slug":"la-umh-organiza-una-mesa-redonda-sobre-periodismo-de-investigacion-en-el-espacio-iberoamericano","status":"publish","type":"post","link":"https:\/\/comunicacion.umh.es\/ca\/2025\/12\/04\/la-umh-organiza-una-mesa-redonda-sobre-periodismo-de-investigacion-en-el-espacio-iberoamericano\/","title":{"rendered":"La UMH organitza una taula redona sobre periodisme d\u2019investigaci\u00f3 en l\u2019espai iberoameric\u00e0"},"content":{"rendered":"<p><\/p>\n<p style=\"text-align: justify\">Dins del Seminari Docent Ryszard Kapuscinski de Periodisme i Drets Humans de la Universitat Miguel Hern\u00e1ndez d\u2019Elx (UMH), Ronna R\u00edsquez (Vene\u00e7uela), Diana Salinas (Col\u00f2mbia) i Laura Ardila (Col\u00f2mbia) impartiran dem\u00e0 divendres, 5 de desembre, a les 09.30 hores, un taller sobre periodisme d\u2019investigaci\u00f3 en l\u2019espai iberoameric\u00e0 a l\u2019Aula Ram\u00f3n Lobo de l\u2019edifici Atzavares del campus d\u2019Elx. Posteriorment, a les 19.00 hores, les periodistes protagonitzaran una taula redona sobre la mateixa tem\u00e0tica en la llibreria alacantina 80 Mons.<!--more--><\/p>\n<p style=\"text-align: justify\"><a href=\"https:\/\/comunicacion.umh.es\/files\/2025\/12\/Atzavares-campus-Elche.jpg\"><img loading=\"lazy\" class=\"size-medium wp-image-191353 alignleft\" src=\"https:\/\/comunicacion.umh.es\/files\/2025\/12\/Atzavares-campus-Elche-300x225.jpg\" alt=\"\" width=\"300\" height=\"225\" srcset=\"https:\/\/comunicacion.umh.es\/files\/2025\/12\/Atzavares-campus-Elche-300x225.jpg 300w, https:\/\/comunicacion.umh.es\/files\/2025\/12\/Atzavares-campus-Elche-1024x768.jpg 1024w, https:\/\/comunicacion.umh.es\/files\/2025\/12\/Atzavares-campus-Elche-768x576.jpg 768w, https:\/\/comunicacion.umh.es\/files\/2025\/12\/Atzavares-campus-Elche.jpg 1200w\" sizes=\"(max-width: 300px) 100vw, 300px\" \/><\/a>Els professors de Periodisme de la UMH Jos\u00e9 Luis Gonz\u00e1lez i Carmen L\u00f3pez seran els encarregats de moderar les intervencions de les periodistes. En el taller di\u00fcrn, Diana Salinas parlar\u00e0 sobre sobre data i IA per a la investigaci\u00f3 period\u00edstica, mentre que Ronna R\u00edsquez explicar\u00e0 el tractament period\u00edstic de fonts vulnerables per a investigacions. Per la seua banda, Laura Ardila intervindr\u00e0 sobre q\u00fcestions relacionades amb narratives transm\u00e8dia per a presentar eixes investigacions period\u00edstiques.<\/p>\n<p style=\"text-align: justify\">Les tres periodistes han sigut i s\u00f3n benefici\u00e0ries del programa UMH-Espai Segur RSF per a la Llibertat de Premsa, que acull periodistes en situaci\u00f3 de risc a Llatinoam\u00e8rica pel mer fet de l\u2019exercici professional que, en els tres casos, t\u00e9 a veure amb investigacions period\u00edstiques que han donat lloc a tres llibres. Ronna R\u00edsquez ha publicat <em>El tren de Aragua<\/em> (Dahbar), sobre la banda que ha revolucionat el crim organitzat a Am\u00e8rica Llatina; Laura Ardila ha publicat <em>La Costa Nostra<\/em> (Rey Naranjo), la hist\u00f2ria no autoritzada dels Char, el clan pol\u00edtic m\u00e9s poder\u00f3s de Col\u00f2mbia; i Diana Salinas \u00e9s l\u2019autora de <em>El laberinto del Parqueadero Padilla<\/em> (Planeta), la investigaci\u00f3 judicial silenciada del paramilitarisme en Antioquia (Col\u00f2mbia).<\/p>\n<p style=\"text-align: justify\"><a href=\"https:\/\/comunicacion.umh.es\/files\/2025\/12\/04-12-2-taller-periodismo-investigacion-not.jpg\"><img loading=\"lazy\" class=\"size-medium wp-image-191330 alignleft\" src=\"https:\/\/comunicacion.umh.es\/files\/2025\/12\/04-12-2-taller-periodismo-investigacion-not-300x225.jpg\" alt=\"\" width=\"300\" height=\"225\" srcset=\"https:\/\/comunicacion.umh.es\/files\/2025\/12\/04-12-2-taller-periodismo-investigacion-not-300x225.jpg 300w, https:\/\/comunicacion.umh.es\/files\/2025\/12\/04-12-2-taller-periodismo-investigacion-not-1024x768.jpg 1024w, https:\/\/comunicacion.umh.es\/files\/2025\/12\/04-12-2-taller-periodismo-investigacion-not-768x576.jpg 768w, https:\/\/comunicacion.umh.es\/files\/2025\/12\/04-12-2-taller-periodismo-investigacion-not.jpg 1200w\" sizes=\"(max-width: 300px) 100vw, 300px\" \/><\/a>Laura Ardila forma part de l\u2019equip de direcci\u00f3 del M\u00e0ster UMH-RSF-Fundaci\u00f3 Gabo en Periodisme i Democr\u00e0cia, juntament amb els esmentats Jos\u00e9 Luis Gonz\u00e1lez-Esteban i Carmen Mar\u00eda L\u00f3pez Rico, i en el qual tamb\u00e9 s\u00f3n<br \/>\nprofessores R\u00edsquez i Salinas.<\/p>\n<p><\/p>","protected":false},"excerpt":{"rendered":"<p>Dins del Seminari Docent Ryszard Kapuscinski de Periodisme i Drets Humans de la Universitat Miguel Hern\u00e1ndez d\u2019Elx (UMH), Ronna R\u00edsquez (Vene\u00e7uela), Diana Salinas (Col\u00f2mbia) i Laura Ardila (Col\u00f2mbia) impartiran dem\u00e0 divendres, 5 de desembre, a les 09.30 hores, un taller sobre periodisme d\u2019investigaci\u00f3 en l\u2019espai iberoameric\u00e0 a l\u2019Aula Ram\u00f3n Lobo de l\u2019edifici Atzavares del campus [&#8230;]<\/p>\n","protected":false},"author":32202,"featured_media":0,"comment_status":"closed","ping_status":"open","sticky":false,"template":"","format":"standard","meta":{"ngg_post_thumbnail":0,"_links_to":"","_links_to_target":""},"categories":[43],"tags":[],"_links":{"self":[{"href":"https:\/\/comunicacion.umh.es\/ca\/wp-json\/wp\/v2\/posts\/191327"}],"collection":[{"href":"https:\/\/comunicacion.umh.es\/ca\/wp-json\/wp\/v2\/posts"}],"about":[{"href":"https:\/\/comunicacion.umh.es\/ca\/wp-json\/wp\/v2\/types\/post"}],"author":[{"embeddable":true,"href":"https:\/\/comunicacion.umh.es\/ca\/wp-json\/wp\/v2\/users\/32202"}],"replies":[{"embeddable":true,"href":"https:\/\/comunicacion.umh.es\/ca\/wp-json\/wp\/v2\/comments?post=191327"}],"version-history":[{"count":0,"href":"https:\/\/comunicacion.umh.es\/ca\/wp-json\/wp\/v2\/posts\/191327\/revisions"}],"wp:attachment":[{"href":"https:\/\/comunicacion.umh.es\/ca\/wp-json\/wp\/v2\/media?parent=191327"}],"wp:term":[{"taxonomy":"category","embeddable":true,"href":"https:\/\/comunicacion.umh.es\/ca\/wp-json\/wp\/v2\/categories?post=191327"},{"taxonomy":"post_tag","embeddable":true,"href":"https:\/\/comunicacion.umh.es\/ca\/wp-json\/wp\/v2\/tags?post=191327"}],"curies":[{"name":"wp","href":"https:\/\/api.w.org\/{rel}","templated":true}]}}