{"id":191333,"date":"2025-12-04T10:07:39","date_gmt":"2025-12-04T09:07:39","guid":{"rendered":"https:\/\/comunicacion.umh.es\/?p=191333"},"modified":"2025-12-05T10:03:16","modified_gmt":"2025-12-05T09:03:16","slug":"la-umh-y-la-universidad-andres-bello-de-chile-estudian-oportunidades-de-cooperacion-en-ciencias-de-la-salud","status":"publish","type":"post","link":"https:\/\/comunicacion.umh.es\/ca\/2025\/12\/04\/la-umh-y-la-universidad-andres-bello-de-chile-estudian-oportunidades-de-cooperacion-en-ciencias-de-la-salud\/","title":{"rendered":"La UMH i la Universitat Andr\u00e9s Bello de Xile estudien oportunitats de cooperaci\u00f3 en Ci\u00e8ncies de la Salut"},"content":{"rendered":"<p><\/p>\n<p style=\"text-align: justify\">La directora de l\u2019\u00c0rea per a la promoci\u00f3 internacional del Vicerectorat d\u2019Internalitzaci\u00f3 i Cooperaci\u00f3 de la Universitat Miguel Hern\u00e1ndez d\u2019Elx (UMH), Mari Carmen Lillo, junt amb &nbsp;la vicedegana del grau en Infermeria, Mar\u00eda Concepci\u00f3n Carratal\u00e1, han rebut representants de la Universitat Andr\u00e9s Bello de Xile (UNAB). L\u2019objectiu d\u2019aquesta visita ha sigut el d\u2019estudiar les oportunitats de cooperaci\u00f3 en Ci\u00e8ncies de la Salut, fonamentalment en el grau en Infermeria.<!--more--><\/p>\n<p style=\"text-align: justify\"><a href=\"https:\/\/comunicacion.umh.es\/files\/2025\/12\/04-12-25-visita-unab-chile-not.jpg\"><img loading=\"lazy\" class=\"size-medium wp-image-191336 alignleft\" src=\"https:\/\/comunicacion.umh.es\/files\/2025\/12\/04-12-25-visita-unab-chile-not-300x225.jpg\" alt=\"\" width=\"300\" height=\"225\" srcset=\"https:\/\/comunicacion.umh.es\/files\/2025\/12\/04-12-25-visita-unab-chile-not-300x225.jpg 300w, https:\/\/comunicacion.umh.es\/files\/2025\/12\/04-12-25-visita-unab-chile-not-1024x768.jpg 1024w, https:\/\/comunicacion.umh.es\/files\/2025\/12\/04-12-25-visita-unab-chile-not-768x576.jpg 768w, https:\/\/comunicacion.umh.es\/files\/2025\/12\/04-12-25-visita-unab-chile-not.jpg 1200w\" sizes=\"(max-width: 300px) 100vw, 300px\" \/><\/a>En concret, la degana de l\u2019Escola d\u2019Infermeria de la UNAB, M\u00f3nica Canales, i la directora de l\u2019Escola d\u2019Infermeria, Sara Contreras, han visitat l\u2019edifici Severo Ochoa del campus de Sant Joan d\u2019Alacant, on el director del Centre Experimental Cyborg, Fernando Borr\u00e1s, i personal del Servei de Suport T\u00e8cnic a la Doc\u00e8ncia i a la Investigaci\u00f3 (SATD) els han mostrat les instal\u00b7lacions i projectes que es desenvolupen. Durant la reuni\u00f3 han intercanviat impressions sobre els projectes que es duen a terme tant en la UNAB com en la UMH, i han explorat possibles vies de col\u00b7laboraci\u00f3 entre les titulacions de Ci\u00e8ncies de la Salut en les dues institucions.<\/p>\n<p style=\"text-align: justify\">En l\u2019organitzaci\u00f3 de la visita han col\u00b7laborat el Vicerectorat d\u2019Internacionalitzaci\u00f3 i Cooperaci\u00f3, el Deganat de la Facultat de Medicina, el Centre Experimental Cyborg i personal de l\u2019\u00c0rea de Simulaci\u00f3 Cl\u00ednica i del Servei d\u2019Innovaci\u00f3 Anat\u00f2mica de la UMH. La UNAB compta amb prop de 66.000 estudiants de grau, postgrau i doctorat, \u00e9s una de les institucions privades m\u00e9s grans de Xile i est\u00e0 acreditada nacionalment i internacionalment (ANECA, Middle State Comission).<\/p>\n<p><\/p>","protected":false},"excerpt":{"rendered":"<p>La directora de l\u2019\u00c0rea per a la promoci\u00f3 internacional del Vicerectorat d\u2019Internalitzaci\u00f3 i Cooperaci\u00f3 de la Universitat Miguel Hern\u00e1ndez d\u2019Elx (UMH), Mari Carmen Lillo, junt amb &nbsp;la vicedegana del grau en Infermeria, Mar\u00eda Concepci\u00f3n Carratal\u00e1, han rebut representants de la Universitat Andr\u00e9s Bello de Xile (UNAB). L\u2019objectiu d\u2019aquesta visita ha sigut el d\u2019estudiar les oportunitats [&#8230;]<\/p>\n","protected":false},"author":32202,"featured_media":0,"comment_status":"closed","ping_status":"open","sticky":false,"template":"","format":"standard","meta":{"ngg_post_thumbnail":0,"_links_to":"","_links_to_target":""},"categories":[43],"tags":[],"_links":{"self":[{"href":"https:\/\/comunicacion.umh.es\/ca\/wp-json\/wp\/v2\/posts\/191333"}],"collection":[{"href":"https:\/\/comunicacion.umh.es\/ca\/wp-json\/wp\/v2\/posts"}],"about":[{"href":"https:\/\/comunicacion.umh.es\/ca\/wp-json\/wp\/v2\/types\/post"}],"author":[{"embeddable":true,"href":"https:\/\/comunicacion.umh.es\/ca\/wp-json\/wp\/v2\/users\/32202"}],"replies":[{"embeddable":true,"href":"https:\/\/comunicacion.umh.es\/ca\/wp-json\/wp\/v2\/comments?post=191333"}],"version-history":[{"count":0,"href":"https:\/\/comunicacion.umh.es\/ca\/wp-json\/wp\/v2\/posts\/191333\/revisions"}],"wp:attachment":[{"href":"https:\/\/comunicacion.umh.es\/ca\/wp-json\/wp\/v2\/media?parent=191333"}],"wp:term":[{"taxonomy":"category","embeddable":true,"href":"https:\/\/comunicacion.umh.es\/ca\/wp-json\/wp\/v2\/categories?post=191333"},{"taxonomy":"post_tag","embeddable":true,"href":"https:\/\/comunicacion.umh.es\/ca\/wp-json\/wp\/v2\/tags?post=191333"}],"curies":[{"name":"wp","href":"https:\/\/api.w.org\/{rel}","templated":true}]}}