{"id":191635,"date":"2025-12-15T12:11:28","date_gmt":"2025-12-15T11:11:28","guid":{"rendered":"https:\/\/comunicacion.umh.es\/?p=191635"},"modified":"2025-12-17T10:52:01","modified_gmt":"2025-12-17T09:52:01","slug":"el-proyecto-presteo-recoge-datos-de-mas-de-1-300-estudiantes-de-la-umh","status":"publish","type":"post","link":"https:\/\/comunicacion.umh.es\/ca\/2025\/12\/15\/el-proyecto-presteo-recoge-datos-de-mas-de-1-300-estudiantes-de-la-umh\/","title":{"rendered":"El projecte PREstEO arreplega dades de m\u00e9s de 1.300 estudiants de la UMH"},"content":{"rendered":"<p><\/p>\n<p style=\"text-align: justify\"><span style=\"font-weight: 400\">El projecte d\u2019investigaci\u00f3 PREstEO (Processament sensorial, rendiment acad\u00e8mic i equilibri ocupacional en estudiants universitaris) del Departament de Patologia i Cirurgia de la Universitat Miguel Hern\u00e1ndez d\u2019Elx (UMH) ha tancat la seua primera fase de recollida mostral, \u201csuperant els objectius previstos\u201d, segons els organitzadors. Enfront dels 820 participants necessaris, l\u2019estudi ha aconseguit recopilar dades de 1.322 estudiants, pertanyents a tots els graus de la UMH.<\/span><!--more--><\/p>\n<p style=\"text-align: justify\"><span style=\"font-weight: 400\"><a href=\"https:\/\/comunicacion.umh.es\/files\/2025\/12\/15-12-25-proyecto-PREstEO.jpg\"><img loading=\"lazy\" class=\"size-medium wp-image-191638 alignleft\" src=\"https:\/\/comunicacion.umh.es\/files\/2025\/12\/15-12-25-proyecto-PREstEO-300x225.jpg\" alt=\"\" width=\"300\" height=\"225\" srcset=\"https:\/\/comunicacion.umh.es\/files\/2025\/12\/15-12-25-proyecto-PREstEO-300x225.jpg 300w, https:\/\/comunicacion.umh.es\/files\/2025\/12\/15-12-25-proyecto-PREstEO-1024x768.jpg 1024w, https:\/\/comunicacion.umh.es\/files\/2025\/12\/15-12-25-proyecto-PREstEO-768x576.jpg 768w, https:\/\/comunicacion.umh.es\/files\/2025\/12\/15-12-25-proyecto-PREstEO.jpg 1200w\" sizes=\"(max-width: 300px) 100vw, 300px\" \/><\/a>PREstEO \u00e9s un projecte longitudinal, liderat per la professora Paula Fern\u00e1ndez Pires i el professor Daniel Prieto Botella des del grup d\u2019investigaci\u00f3 B+D+b Occupational Research de la UMH. L\u2019estudi analitza de manera pionera la relaci\u00f3 entre el processament sensorial, l\u2019equilibri ocupacional i el rendiment acad\u00e8mic al llarg de l\u2019etapa universit\u00e0ria. Segons l\u2019equip investigador, \u201cvolem expressar un agra\u00efment especial als degans\/es, vicedegans\/es i professorat de totes les titulacions que, cedint espais a les seues aules, han facilitat el desenvolupament de l\u2019estudi. La seua implicaci\u00f3 ha sigut clau per a aconseguir una mostra \u00e0mplia i representativa de l\u2019estudiantat de la nostra universitat\u201d.<\/span><\/p>\n<p style=\"text-align: justify\"><span style=\"font-weight: 400\">Amb aquesta fita, PREstEO ha refor\u00e7at la seua solidesa metodol\u00f2gica i continuar\u00e0 amb el seguiment anual de la cohort durant els pr\u00f2xims quatre anys, generant evid\u00e8ncia cient\u00edfica orientada a millorar el benestar i l\u2019experi\u00e8ncia universit\u00e0ria.<\/span><\/p>\n<p><\/p>","protected":false},"excerpt":{"rendered":"<p>El projecte d\u2019investigaci\u00f3 PREstEO (Processament sensorial, rendiment acad\u00e8mic i equilibri ocupacional en estudiants universitaris) del Departament de Patologia i Cirurgia de la Universitat Miguel Hern\u00e1ndez d\u2019Elx (UMH) ha tancat la seua primera fase de recollida mostral, \u201csuperant els objectius previstos\u201d, segons els organitzadors. Enfront dels 820 participants necessaris, l\u2019estudi ha aconseguit recopilar dades de 1.322 [&#8230;]<\/p>\n","protected":false},"author":32202,"featured_media":0,"comment_status":"closed","ping_status":"open","sticky":false,"template":"","format":"standard","meta":{"ngg_post_thumbnail":0,"_links_to":"","_links_to_target":""},"categories":[43],"tags":[],"_links":{"self":[{"href":"https:\/\/comunicacion.umh.es\/ca\/wp-json\/wp\/v2\/posts\/191635"}],"collection":[{"href":"https:\/\/comunicacion.umh.es\/ca\/wp-json\/wp\/v2\/posts"}],"about":[{"href":"https:\/\/comunicacion.umh.es\/ca\/wp-json\/wp\/v2\/types\/post"}],"author":[{"embeddable":true,"href":"https:\/\/comunicacion.umh.es\/ca\/wp-json\/wp\/v2\/users\/32202"}],"replies":[{"embeddable":true,"href":"https:\/\/comunicacion.umh.es\/ca\/wp-json\/wp\/v2\/comments?post=191635"}],"version-history":[{"count":0,"href":"https:\/\/comunicacion.umh.es\/ca\/wp-json\/wp\/v2\/posts\/191635\/revisions"}],"wp:attachment":[{"href":"https:\/\/comunicacion.umh.es\/ca\/wp-json\/wp\/v2\/media?parent=191635"}],"wp:term":[{"taxonomy":"category","embeddable":true,"href":"https:\/\/comunicacion.umh.es\/ca\/wp-json\/wp\/v2\/categories?post=191635"},{"taxonomy":"post_tag","embeddable":true,"href":"https:\/\/comunicacion.umh.es\/ca\/wp-json\/wp\/v2\/tags?post=191635"}],"curies":[{"name":"wp","href":"https:\/\/api.w.org\/{rel}","templated":true}]}}