{"id":191647,"date":"2025-12-16T11:49:35","date_gmt":"2025-12-16T10:49:35","guid":{"rendered":"https:\/\/comunicacion.umh.es\/?p=191647"},"modified":"2025-12-17T10:50:07","modified_gmt":"2025-12-17T09:50:07","slug":"la-umh-recibe-a-estudiantes-de-formacion-profesional-en-jardineria-y-floristeria","status":"publish","type":"post","link":"https:\/\/comunicacion.umh.es\/ca\/2025\/12\/16\/la-umh-recibe-a-estudiantes-de-formacion-profesional-en-jardineria-y-floristeria\/","title":{"rendered":"La UMH rep estudiants de formaci\u00f3 professional en Jardineria i Floristeria"},"content":{"rendered":"<p><\/p>\n<p style=\"text-align: justify\"><span style=\"font-weight: 400\">Un grup d\u2019estudiants del cicle formatiu de grau mitj\u00e0 (CFGM) en Jardineria i Floristeria de l\u2019IES Vega Baja de Callosa de Segura ha visitat l\u2019Escola Polit\u00e8cnica Superior d\u2019Oriola (EPSO) de la Universitat Miguel Hern\u00e1ndez (UMH) per a con\u00e9ixer eixides professionals i aplicacions pr\u00e0ctiques. Els estudiants han tingut l\u2019oportunitat de con\u00e9ixer la planta de compostatge amb maquin\u00e0ria industrial i el laboratori d\u2019aliments.<\/span><!--more--><\/p>\n<p style=\"text-align: justify\"><span style=\"font-weight: 400\"><strong><a href=\"https:\/\/comunicacion.umh.es\/files\/2025\/12\/IMG-20251212-WA0014.jpg\"><img loading=\"lazy\" class=\"size-medium wp-image-191650 alignleft\" src=\"https:\/\/comunicacion.umh.es\/files\/2025\/12\/IMG-20251212-WA0014-300x225.jpg\" alt=\"\" width=\"300\" height=\"225\" srcset=\"https:\/\/comunicacion.umh.es\/files\/2025\/12\/IMG-20251212-WA0014-300x225.jpg 300w, https:\/\/comunicacion.umh.es\/files\/2025\/12\/IMG-20251212-WA0014-1024x768.jpg 1024w, https:\/\/comunicacion.umh.es\/files\/2025\/12\/IMG-20251212-WA0014-768x576.jpg 768w, https:\/\/comunicacion.umh.es\/files\/2025\/12\/IMG-20251212-WA0014.jpg 1200w\" sizes=\"(max-width: 300px) 100vw, 300px\" \/><\/a><\/strong>L\u2019objectiu principal d\u2019aquesta jornada ha sigut familiaritzar l\u2019alumnat amb instal\u00b7lacions especialitzades i de gran import\u00e0ncia professional que complementen la seua formaci\u00f3 i representen possibles eixides laborals. La visita, organitzada per professors i professores de l\u2019IES Vega Baja, ha sigut guiada pels professors de l\u2019EPSO i investigadors de l\u2019Institut d\u2019Investigaci\u00f3 i Innovaci\u00f3 Agroaliment\u00e0ria i Agroambiental (CIAGRO) de la UMH Enrique Agull\u00f3 Ruiz i Mar\u00eda Emma Garc\u00eda Pastor.<\/span><\/p>\n<p style=\"text-align: justify\"><span style=\"font-weight: 400\">En aquesta visita s\u2019ha mostrat a l\u2019estudiantat el funcionament d\u2019infraestructures com la planta de compostatge industrial, obrint el seu horitz\u00f3 de possibilitats laborals. Aix\u00ed mateix, han vist com els continguts te\u00f2rics tractats a l\u2019aula s\u2019extrapolen a l\u2019entorn del laboratori, mitjan\u00e7ant la realitzaci\u00f3 de mesuraments de variables fisicoqu\u00edmiques sobre materials vegetals. Tamb\u00e9, han avaluat el resultat d\u2019un assaig previ d\u2019inoculaci\u00f3 <\/span><i><span style=\"font-weight: 400\">in vitro <\/span><\/i><span style=\"font-weight: 400\">de taronges tractades amb olis essencials enfront d\u2019un control, obtenint dades i elaborant informes de resultats. La visita t\u00e9 l\u2019objectiu de despertar l\u2019inter\u00e9s dels estudiants a trav\u00e9s de la demostraci\u00f3 de treballs m\u00e9s pr\u00e0ctics i manipulatius.<\/span><\/p>\n<p style=\"text-align: justify\"><span style=\"font-weight: 400\">El grup d\u2019estudiants ha estat acompanyat pel professorat de l\u2019IES Vega Baja Eva Medina, Fernando S\u00e1nchez, V\u00edctor Rodr\u00edguez i Gemma Mart\u00ednez. La iniciativa refor\u00e7a el comprom\u00eds de l\u2019EPSO amb la formaci\u00f3 de professionals en el sector per a bastir ponts entre la formaci\u00f3 professional i la UMH.<\/span><\/p>\n<p><\/p>","protected":false},"excerpt":{"rendered":"<p>Un grup d\u2019estudiants del cicle formatiu de grau mitj\u00e0 (CFGM) en Jardineria i Floristeria de l\u2019IES Vega Baja de Callosa de Segura ha visitat l\u2019Escola Polit\u00e8cnica Superior d\u2019Oriola (EPSO) de la Universitat Miguel Hern\u00e1ndez (UMH) per a con\u00e9ixer eixides professionals i aplicacions pr\u00e0ctiques. Els estudiants han tingut l\u2019oportunitat de con\u00e9ixer la planta de compostatge amb [&#8230;]<\/p>\n","protected":false},"author":32202,"featured_media":0,"comment_status":"closed","ping_status":"open","sticky":false,"template":"","format":"standard","meta":{"ngg_post_thumbnail":0,"_links_to":"","_links_to_target":""},"categories":[43],"tags":[],"_links":{"self":[{"href":"https:\/\/comunicacion.umh.es\/ca\/wp-json\/wp\/v2\/posts\/191647"}],"collection":[{"href":"https:\/\/comunicacion.umh.es\/ca\/wp-json\/wp\/v2\/posts"}],"about":[{"href":"https:\/\/comunicacion.umh.es\/ca\/wp-json\/wp\/v2\/types\/post"}],"author":[{"embeddable":true,"href":"https:\/\/comunicacion.umh.es\/ca\/wp-json\/wp\/v2\/users\/32202"}],"replies":[{"embeddable":true,"href":"https:\/\/comunicacion.umh.es\/ca\/wp-json\/wp\/v2\/comments?post=191647"}],"version-history":[{"count":0,"href":"https:\/\/comunicacion.umh.es\/ca\/wp-json\/wp\/v2\/posts\/191647\/revisions"}],"wp:attachment":[{"href":"https:\/\/comunicacion.umh.es\/ca\/wp-json\/wp\/v2\/media?parent=191647"}],"wp:term":[{"taxonomy":"category","embeddable":true,"href":"https:\/\/comunicacion.umh.es\/ca\/wp-json\/wp\/v2\/categories?post=191647"},{"taxonomy":"post_tag","embeddable":true,"href":"https:\/\/comunicacion.umh.es\/ca\/wp-json\/wp\/v2\/tags?post=191647"}],"curies":[{"name":"wp","href":"https:\/\/api.w.org\/{rel}","templated":true}]}}