{"id":192035,"date":"2026-01-15T09:42:18","date_gmt":"2026-01-15T08:42:18","guid":{"rendered":"https:\/\/comunicacion.umh.es\/?p=192035"},"modified":"2026-01-15T13:26:02","modified_gmt":"2026-01-15T12:26:02","slug":"investigadores-de-la-umh-revelan-por-primera-vez-el-impacto-real-de-la-energia-eolica-sobre-la-fauna-en-sudamerica","status":"publish","type":"post","link":"https:\/\/comunicacion.umh.es\/ca\/2026\/01\/15\/investigadores-de-la-umh-revelan-por-primera-vez-el-impacto-real-de-la-energia-eolica-sobre-la-fauna-en-sudamerica\/","title":{"rendered":"Investigadors de la UMH revelen per primera vegada l\u2019impacte real de l\u2019energia e\u00f2lica sobre la fauna a Sudam\u00e8rica"},"content":{"rendered":"<p><\/p>\n<p style=\"text-align: justify\">Un equip internacional d\u2019investigadors, coordinat pel Departament de Biologia Aplicada de la Universitat Miguel Hern\u00e1ndez d\u2019Elx (UMH), ha publicat el que es considera el primer estudi a gran escala amb dades reals sobre la mortalitat d\u2019aus i ratpenats causada per aerogeneradors a Sudam\u00e8rica. El treball, que analitza&nbsp;15&nbsp;anys de dades a Xile (2009-2023), llan\u00e7a llum sobre un impacte ambiental que fins ara a penes havia sigut quantificat de manera sistem\u00e0tica en el Con Sud.<!--more--><\/p>\n<p style=\"text-align: justify\"><a href=\"https:\/\/comunicacion.umh.es\/files\/2026\/01\/15-01-26-estudio-energia-eolica-1-retocada.jpg\"><img loading=\"lazy\" class=\"alignleft size-medium wp-image-192038\" src=\"https:\/\/comunicacion.umh.es\/files\/2026\/01\/15-01-26-estudio-energia-eolica-1-retocada-300x225.jpg\" alt=\"\" width=\"300\" height=\"225\" srcset=\"https:\/\/comunicacion.umh.es\/files\/2026\/01\/15-01-26-estudio-energia-eolica-1-retocada-300x225.jpg 300w, https:\/\/comunicacion.umh.es\/files\/2026\/01\/15-01-26-estudio-energia-eolica-1-retocada-1024x768.jpg 1024w, https:\/\/comunicacion.umh.es\/files\/2026\/01\/15-01-26-estudio-energia-eolica-1-retocada-768x576.jpg 768w, https:\/\/comunicacion.umh.es\/files\/2026\/01\/15-01-26-estudio-energia-eolica-1-retocada.jpg 1200w\" sizes=\"(max-width: 300px) 100vw, 300px\" \/><\/a>La investigaci\u00f3, en la qual tamb\u00e9 participen la Universitat d\u2019Alacant (UA) i la Universitat de Xile, ha documentat un total de 1.218 aus de 80 esp\u00e8cies i 1.250 ratpenats de 6 esp\u00e8cies morts per col\u00b7lisi\u00f3 en 47 instal\u00b7lacions e\u00f2liques. Entre les troballes m\u00e9s preocupants destaca la mort de nou exemplars de c\u00f2ndor and\u00ed (<em>Vultur&nbsp;gryphus<\/em>), una esp\u00e8cie catalogada com a vulnerable per la&nbsp;UICN&nbsp;i de gran valor simb\u00f2lic i ecol\u00f2gic per a la regi\u00f3.<\/p>\n<p style=\"text-align: justify\">Aquest treball \u00e9s pioner&nbsp;en&nbsp;sistematitzar una d\u00e8cada i mitja de registres en un dels pa\u00efsos l\u00edders en inversi\u00f3 en energies renovables de Llatinoam\u00e8rica. Segons ha assenyalat l\u2019investigador de la UMH i autor de l\u2019estudi&nbsp;Juan&nbsp;Manuel P\u00e9rez&nbsp;Garc\u00eda, &#8220;ens trobem davant del primer treball que recopila i analitza dades de mortalitat real a Sudam\u00e8rica, la qual cosa ens permet identificar quins grups d\u2019esp\u00e8cies s\u00f3n els m\u00e9s afectats i quins factors ambientals influeixen en aquestes col\u00b7lisions&#8221;.<\/p>\n<p style=\"text-align: justify\">L\u2019estudi subratlla que la implantaci\u00f3 de l\u2019energia e\u00f2lica \u00e9s fonamental per a mitigar les emissions de CO\u2082, especialment en l\u2019actual context d\u2019inestabilitat energ\u00e8tica regional. No obstant aix\u00f2, els autors insisteixen que aquesta transici\u00f3 ha de ser compatible amb la conservaci\u00f3 de la biodiversitat. \u201cPer a millorar la implantaci\u00f3 d\u2019aquesta energia, \u00e9s vital comptar amb eines cient\u00edfiques que guien el disseny d\u2019estrat\u00e8gies de mitigaci\u00f3 efectives i protocols de seguiment robustos\u201d, afig P\u00e9rez&nbsp;Garc\u00eda.<\/p>\n<p style=\"text-align: justify\">L\u2019an\u00e0lisi revela una falta d\u2019estandarditzaci\u00f3 en els m\u00e8todes de monitoratge actuals. Per exemple, l\u2019estudi demostra que els parcs que realitzen cerques di\u00e0ries detecten significativament m\u00e9s cad\u00e0vers que aquells amb revisions menys freq\u00fcents, la qual cosa suggereix que la mortalitat real est\u00e0 sent subestimada en gran part de les instal\u00b7lacions. Un dels punts cr\u00edtics que destaca l\u2019estudi \u00e9s la urg\u00e8ncia d\u2019implantar mesures de mitigaci\u00f3 efectives i provades per a reduir la sinistralitat. El 44 % dels parcs e\u00f2lics analitzats no implementava cap mesura de mitigaci\u00f3. Els investigadors insisteixen que, perqu\u00e8 la transici\u00f3 energ\u00e8tica siga realment sostenible, no n\u2019hi ha prou amb instal\u00b7lar aerogeneradors, sin\u00f3 que ha d\u2019integrar tecnologies i protocols que eviten que les infraestructures es convertisquen en paranys ecol\u00f2gics. \u201cPer exemple aplicant estrat\u00e8gies com la parada temporal de les turbines durant per\u00edodes d\u2019alta activitat de fauna o l\u2019\u00fas de sistemes autom\u00e0tics de detecci\u00f3 d\u2019aus en temps real\u201d, assenyala el professor de la UMH.<\/p>\n<p style=\"text-align: justify\">Els resultats de l\u2019estudi mostren que els accidents als parcs e\u00f2lics xilens estan relacionats amb factors ambientals com la dist\u00e0ncia a la costa i la riquesa d\u2019esp\u00e8cies local. D\u2019altra banda, mentre que la mortalitat de les aus es mant\u00e9 constant al llarg de l\u2019any, la dels ratpenats presenta pics significatius durant la primavera i la tardor.<\/p>\n<p style=\"text-align: justify\">Amb aquesta investigaci\u00f3, la UMH i els seus col\u00b7laboradors proporcionen un full de ruta perqu\u00e8 tant governs com empreses del sector energ\u00e8tic a Sudam\u00e8rica puguen desenvolupar infraestructures e\u00f2liques m\u00e9s segures per a la fauna migrat\u00f2ria i resident, assegurant que el creixement de les renovables no supose una amena\u00e7a silenciosa per a ecosistemes \u00fanics com el Desert d\u2019Atacama o la Patag\u00f2nia.<\/p>\n<p style=\"text-align: justify\">Refer\u00e8ncia de l\u2019article:<br \/>\nSantander, F., Morant, J., P\u00e9rez-Garc\u00eda, J.M. (2026): \u201cBird&nbsp;and&nbsp;bat mortality&nbsp;at&nbsp;wind&nbsp;farms&nbsp;in&nbsp;South&nbsp;America: Lessons&nbsp;from&nbsp;monitoring&nbsp;and&nbsp;mitigation&nbsp;practices&nbsp;in&nbsp;Xile\u201d, <em>Journal&nbsp;of&nbsp;Environmental&nbsp;Management<\/em>, 398, 128420.<a href=\"https:\/\/doi.org\/10.1016\/j.jenvman.2025.128420\"> https:\/\/doi.org\/10.1016\/j.jenvman.2025.128420<\/a><\/p>\n<p>&nbsp;<\/p>","protected":false},"excerpt":{"rendered":"<p>Un equip internacional d\u2019investigadors, coordinat pel Departament de Biologia Aplicada de la Universitat Miguel Hern\u00e1ndez d\u2019Elx (UMH), ha publicat el que es considera el primer estudi a gran escala amb dades reals sobre la mortalitat d\u2019aus i ratpenats causada per aerogeneradors a Sudam\u00e8rica. El treball, que analitza&nbsp;15&nbsp;anys de dades a Xile (2009-2023), llan\u00e7a llum sobre [&#8230;]<\/p>\n","protected":false},"author":2693,"featured_media":0,"comment_status":"closed","ping_status":"open","sticky":false,"template":"","format":"standard","meta":{"ngg_post_thumbnail":0,"_links_to":"","_links_to_target":""},"categories":[43],"tags":[],"_links":{"self":[{"href":"https:\/\/comunicacion.umh.es\/ca\/wp-json\/wp\/v2\/posts\/192035"}],"collection":[{"href":"https:\/\/comunicacion.umh.es\/ca\/wp-json\/wp\/v2\/posts"}],"about":[{"href":"https:\/\/comunicacion.umh.es\/ca\/wp-json\/wp\/v2\/types\/post"}],"author":[{"embeddable":true,"href":"https:\/\/comunicacion.umh.es\/ca\/wp-json\/wp\/v2\/users\/2693"}],"replies":[{"embeddable":true,"href":"https:\/\/comunicacion.umh.es\/ca\/wp-json\/wp\/v2\/comments?post=192035"}],"version-history":[{"count":0,"href":"https:\/\/comunicacion.umh.es\/ca\/wp-json\/wp\/v2\/posts\/192035\/revisions"}],"wp:attachment":[{"href":"https:\/\/comunicacion.umh.es\/ca\/wp-json\/wp\/v2\/media?parent=192035"}],"wp:term":[{"taxonomy":"category","embeddable":true,"href":"https:\/\/comunicacion.umh.es\/ca\/wp-json\/wp\/v2\/categories?post=192035"},{"taxonomy":"post_tag","embeddable":true,"href":"https:\/\/comunicacion.umh.es\/ca\/wp-json\/wp\/v2\/tags?post=192035"}],"curies":[{"name":"wp","href":"https:\/\/api.w.org\/{rel}","templated":true}]}}