{"id":192071,"date":"2026-01-16T09:00:04","date_gmt":"2026-01-16T08:00:04","guid":{"rendered":"https:\/\/comunicacion.umh.es\/?p=192071"},"modified":"2026-01-15T11:21:08","modified_gmt":"2026-01-15T10:21:08","slug":"el-pcumh-colabora-por-quinto-ano-en-el-curso-agentes-del-cambio-de-fempa-una-iniciativa-para-formar-a-jovenes-en-transformacion-digital","status":"publish","type":"post","link":"https:\/\/comunicacion.umh.es\/ca\/2026\/01\/16\/el-pcumh-colabora-por-quinto-ano-en-el-curso-agentes-del-cambio-de-fempa-una-iniciativa-para-formar-a-jovenes-en-transformacion-digital\/","title":{"rendered":"El PCUMH col\u00b7labora per cinqu\u00e9 any en el curs \u201cAgents del Canvi\u201d de FEMPA, una iniciativa per a formar joves en transformaci\u00f3 digital"},"content":{"rendered":"<p><\/p>\n<p style=\"text-align: justify\">Amb la finalitat de contribuir al fet que els joves puguen formar-se en perfils que compten amb coneixements en mat\u00e8ria de digitalitzaci\u00f3 i amb habilitats de lideratge i convertir-se en agents de transformaci\u00f3 digital en pimes espanyoles, la Federaci\u00f3 d\u2019Empresaris del Metall de la Prov\u00edncia d\u2019Alacant (FEMPA) ha dissenyat el programa formatiu 100&nbsp;% gratu\u00eft Programa Generaci\u00f3 Digital Agents del Canvi. La pr\u00f2xima d\u2019aquestes convocat\u00f2ries a Elx, que comen\u00e7ar\u00e0 dilluns que ve, 19 de gener, compta amb la col\u00b7laboraci\u00f3 del Parc Cient\u00edfic de la UMH. Tamb\u00e9, amb el suport de l\u2019Ajuntament d\u2019Elx i l\u2019Associaci\u00f3 Nacional de Big Data i Analytics.<!--more--><\/p>\n<p style=\"text-align: justify\"><a href=\"https:\/\/comunicacion.umh.es\/files\/2026\/01\/16-01-26-FEMPA-retocada.jpg\"><img loading=\"lazy\" class=\"alignleft size-medium wp-image-192047\" src=\"https:\/\/comunicacion.umh.es\/files\/2026\/01\/16-01-26-FEMPA-retocada-300x225.jpg\" alt=\"\" width=\"300\" height=\"225\" srcset=\"https:\/\/comunicacion.umh.es\/files\/2026\/01\/16-01-26-FEMPA-retocada-300x225.jpg 300w, https:\/\/comunicacion.umh.es\/files\/2026\/01\/16-01-26-FEMPA-retocada-1024x768.jpg 1024w, https:\/\/comunicacion.umh.es\/files\/2026\/01\/16-01-26-FEMPA-retocada-768x576.jpg 768w, https:\/\/comunicacion.umh.es\/files\/2026\/01\/16-01-26-FEMPA-retocada.jpg 1200w\" sizes=\"(max-width: 300px) 100vw, 300px\" \/><\/a>En aquesta edici\u00f3, dirigida principalment a joves de fins a&nbsp;35&nbsp;anys desocupats o que formen part d\u2019una empresa d\u2019entre 10 i 249 treballadors, les persones inscrites podran adquirir els coneixements i habilitats digitals i tecnol\u00f2giques necess\u00e0ries per a millorar la seua ocupabilitat i contribuir a la digitalitzaci\u00f3 de les pimes, impulsant aix\u00ed el desenvolupament social i econ\u00f2mic. Aix\u00ed, en aquest curs, s\u2019abordaran aspectes com estrat\u00e8gies de m\u00e0rqueting digital, comer\u00e7 electr\u00f2nic, an\u00e0lisi de dades o&nbsp;intel\u00b7lig\u00e8ncia artificial, entre altres. D\u2019aquesta manera, les persones participants desenvoluparan compet\u00e8ncies en digitalitzaci\u00f3 mitjan\u00e7ant l\u2019execuci\u00f3 de reptes individuals i grupals que els ajudaran a posar en pr\u00e0ctica el que han apr\u00e9s.<\/p>\n<p style=\"text-align: justify\">En aquest sentit, es realitzar\u00e0 un projecte final aplicat: el disseny d\u2019un pla de transformaci\u00f3 digital per a una pime. Aquest treball es desenvolupar\u00e0 amb l\u2019acompanyament de mentors i permetr\u00e0 als participants demostrar la seua capacitat per a aplicar el que han apr\u00e9s en un context real.<br \/>\nDurant aquest programa, a m\u00e9s, es treballar\u00e0 amb eines i tecnologies innovadores d\u2019an\u00e0lisi de dades com Python, PowerBI&nbsp;i Tableau, entre altres. Tamb\u00e9, es&nbsp;realitzaran&nbsp;visites a demostradors i espais d\u2019experimentaci\u00f3 en tecnologies habilitadores per a con\u00e9ixer de primera m\u00e0 les diferents tecnologies innovadores disponibles com intel\u00b7lig\u00e8ncia artificial&nbsp;i computaci\u00f3, ciberconnectivitat o realitat virtual i augmentada, entre altres.<br \/>\nAquest programa forma part del Pla nacional de capacitats digitals i est\u00e0 incl\u00f2s en el Pla de recuperaci\u00f3 i resili\u00e8ncia del Govern d\u2019Espanya. A m\u00e9s, \u00e9s finan\u00e7at per la Uni\u00f3 Europea, a trav\u00e9s dels fons Next&nbsp;Generation EU.<\/p>\n<p style=\"text-align: justify\">Tota la informaci\u00f3 est\u00e0 disponible en www.fempa.es\/cursos\/digitalizacion\/experto-en-transformacion-digital-agentes-del-cambio-46. Aquelles persones que finalitzen el curs, s\u2019emportaran un pack&nbsp;de digitalitzaci\u00f3: aquest inclou un iPad que servir\u00e0 com a eina per a implantar tots els coneixements adquirits en el curs.<\/p>\n<p style=\"text-align: justify\">&nbsp;<\/p>\n<p><\/p>","protected":false},"excerpt":{"rendered":"<p>Amb la finalitat de contribuir al fet que els joves puguen formar-se en perfils que compten amb coneixements en mat\u00e8ria de digitalitzaci\u00f3 i amb habilitats de lideratge i convertir-se en agents de transformaci\u00f3 digital en pimes espanyoles, la Federaci\u00f3 d\u2019Empresaris del Metall de la Prov\u00edncia d\u2019Alacant (FEMPA) ha dissenyat el programa formatiu 100&nbsp;% gratu\u00eft Programa [&#8230;]<\/p>\n","protected":false},"author":2693,"featured_media":0,"comment_status":"closed","ping_status":"open","sticky":false,"template":"","format":"standard","meta":{"ngg_post_thumbnail":0,"_links_to":"","_links_to_target":""},"categories":[43],"tags":[],"_links":{"self":[{"href":"https:\/\/comunicacion.umh.es\/ca\/wp-json\/wp\/v2\/posts\/192071"}],"collection":[{"href":"https:\/\/comunicacion.umh.es\/ca\/wp-json\/wp\/v2\/posts"}],"about":[{"href":"https:\/\/comunicacion.umh.es\/ca\/wp-json\/wp\/v2\/types\/post"}],"author":[{"embeddable":true,"href":"https:\/\/comunicacion.umh.es\/ca\/wp-json\/wp\/v2\/users\/2693"}],"replies":[{"embeddable":true,"href":"https:\/\/comunicacion.umh.es\/ca\/wp-json\/wp\/v2\/comments?post=192071"}],"version-history":[{"count":0,"href":"https:\/\/comunicacion.umh.es\/ca\/wp-json\/wp\/v2\/posts\/192071\/revisions"}],"wp:attachment":[{"href":"https:\/\/comunicacion.umh.es\/ca\/wp-json\/wp\/v2\/media?parent=192071"}],"wp:term":[{"taxonomy":"category","embeddable":true,"href":"https:\/\/comunicacion.umh.es\/ca\/wp-json\/wp\/v2\/categories?post=192071"},{"taxonomy":"post_tag","embeddable":true,"href":"https:\/\/comunicacion.umh.es\/ca\/wp-json\/wp\/v2\/tags?post=192071"}],"curies":[{"name":"wp","href":"https:\/\/api.w.org\/{rel}","templated":true}]}}