{"id":192077,"date":"2026-01-16T09:20:12","date_gmt":"2026-01-16T08:20:12","guid":{"rendered":"https:\/\/comunicacion.umh.es\/?p=192077"},"modified":"2026-01-15T11:19:29","modified_gmt":"2026-01-15T10:19:29","slug":"prospera-biotech-del-pcumh-licencia-su-crema-intima-vulvisens-al-laboratorio-procare-health-para-integrarla-en-su-linea-internacional","status":"publish","type":"post","link":"https:\/\/comunicacion.umh.es\/ca\/2026\/01\/16\/prospera-biotech-del-pcumh-licencia-su-crema-intima-vulvisens-al-laboratorio-procare-health-para-integrarla-en-su-linea-internacional\/","title":{"rendered":"Prospera Biotech del PCUMH llicencia la seua crema \u00edntima Vulvisens\u00ae al laboratori Procare Health per a integrar-la en la seua l\u00ednia internacional"},"content":{"rendered":"<p><\/p>\n<p style=\"text-align: justify\">L\u2019empresa derivada Prospera Biotech del Parc Cient\u00edfic de la Universitat Miguel Hern\u00e1ndez d\u2019Elx (PCUMH), companyia biotecnol\u00f2gica il\u00b7licitana especialitzada en neurodermatologia, ha anunciat una fita estrat\u00e8gica en la seua hist\u00f2ria: llicenciar la seua crema \u00edntima Vulvisens\u00ae a la multinacional Procare Health, que la incorporar\u00e0 a la seua l\u00ednia PalomaCare\u00ae. Aquest acord obri la porta a la internacionalitzaci\u00f3 del producte i consolida la neurodermatologia com a tend\u00e8ncia en la cura de la salut de la dona. El producte podr\u00e0 trobar-se a Espanya, a trav\u00e9s de la web de Procare, i en farm\u00e0cies, i ampliar\u00e0 progressivament la seua disponibilitat en altres pa\u00efsos.<!--more--><\/p>\n<p style=\"text-align: justify\"><a href=\"https:\/\/comunicacion.umh.es\/files\/2026\/01\/16-01-26-palomacare-retocada.jpg\"><img loading=\"lazy\" class=\"alignleft size-medium wp-image-192062\" src=\"https:\/\/comunicacion.umh.es\/files\/2026\/01\/16-01-26-palomacare-retocada-300x225.jpg\" alt=\"\" width=\"300\" height=\"225\" srcset=\"https:\/\/comunicacion.umh.es\/files\/2026\/01\/16-01-26-palomacare-retocada-300x225.jpg 300w, https:\/\/comunicacion.umh.es\/files\/2026\/01\/16-01-26-palomacare-retocada-1024x768.jpg 1024w, https:\/\/comunicacion.umh.es\/files\/2026\/01\/16-01-26-palomacare-retocada-768x576.jpg 768w, https:\/\/comunicacion.umh.es\/files\/2026\/01\/16-01-26-palomacare-retocada.jpg 1200w\" sizes=\"(max-width: 300px) 100vw, 300px\" \/><\/a>Es tracta de la primera vegada que un dels productes neurodermatol\u00f2gics de Prospera Biotech es llan\u00e7a amb un soci internacional. Segons assenyala la directora de Prospera Biotech, Marta Garc\u00eda Escolano, \u201caquest acord amb Procare Health no sols pot impulsar la visibilitat internacional de Vulvisens\u00ae, sin\u00f3 que refor\u00e7a el nostre prop\u00f2sit de millorar la qualitat de vida de dones a trav\u00e9s de la neurodermatologia\u201d.<\/p>\n<p style=\"text-align: justify\">Palomacare\u00ae Vulvisens\u00ae, anteriorment Vulvisens\u00ae, \u00e9s una crema hidratant sedosa que combina l\u2019acci\u00f3 d\u2019actius neurocosm\u00e8tics, prebi\u00f2tics i extractes regeneradors per a la cura de la zona vulvar externa. El seu efecte efica\u00e7 contra la picor i les seues propietats hidratants i reparadores han sigut testades sota control ginecol\u00f2gic i pedi\u00e0tric. Des del seu llan\u00e7ament en 2023, Vulvisens\u00ae ha sigut molt ben valorada pels qui la usen: dones i xiquetes han reportat una reducci\u00f3 en la incomoditat \u00edntima, millor hidrataci\u00f3 i una sensaci\u00f3 de confort prolongat.<\/p>\n<p style=\"text-align: justify\">Prospera Biotech es va incorporar en 2020 al Parc Cient\u00edfic de la UMH amb l\u2019objectiu de desenvolupar productes que actuen sobre el sistema nervi\u00f3s perif\u00e8ric per a mitigar les mol\u00e8sties cut\u00e0nies. La seua innovadora proposta per a la cura de la pell \u00e9s el resultat de m\u00e9s de 25 anys d\u2019investigaci\u00f3 en neuroci\u00e8ncia duta a terme pel seu fundador, el catedr\u00e0tic de la UMH Antonio Ferrer, i el grup d\u2019investigaci\u00f3 que lidera en l\u2019IDiBE-UMH. Des de 2020, l\u2019empresa ha tret cinc productes al mercat, ha aconseguit reconeixements importants com el premi AITEX 2024, el premi del Consell Social de la UMH 2024 i la distinci\u00f3 Investigador d\u2019Or de la Creu Roja 2022, i ha tancat rondes de finan\u00e7ament que han impulsat els seus estudis cl\u00ednics i la seua expansi\u00f3.<\/p>\n<p style=\"text-align: justify\">Amb aquesta incorporaci\u00f3, Procare Health amplia el seu portfolio de productes amb fort rigor cient\u00edfic i refor\u00e7a la seua posici\u00f3 com a empresa referent en salut femenina. Des de l\u2019obertura de la seua primera filial en 2015, Procare Health ha experimentat una r\u00e0pida expansi\u00f3 internacional i actualment \u00e9s present en m\u00e9s de 45 pa\u00efsos.<\/p>\n<p>&nbsp;<\/p>\n<p>&nbsp;<\/p>","protected":false},"excerpt":{"rendered":"<p>L\u2019empresa derivada Prospera Biotech del Parc Cient\u00edfic de la Universitat Miguel Hern\u00e1ndez d\u2019Elx (PCUMH), companyia biotecnol\u00f2gica il\u00b7licitana especialitzada en neurodermatologia, ha anunciat una fita estrat\u00e8gica en la seua hist\u00f2ria: llicenciar la seua crema \u00edntima Vulvisens\u00ae a la multinacional Procare Health, que la incorporar\u00e0 a la seua l\u00ednia PalomaCare\u00ae. Aquest acord obri la porta a la [&#8230;]<\/p>\n","protected":false},"author":2693,"featured_media":0,"comment_status":"closed","ping_status":"open","sticky":false,"template":"","format":"standard","meta":{"ngg_post_thumbnail":0,"_links_to":"","_links_to_target":""},"categories":[43],"tags":[],"_links":{"self":[{"href":"https:\/\/comunicacion.umh.es\/ca\/wp-json\/wp\/v2\/posts\/192077"}],"collection":[{"href":"https:\/\/comunicacion.umh.es\/ca\/wp-json\/wp\/v2\/posts"}],"about":[{"href":"https:\/\/comunicacion.umh.es\/ca\/wp-json\/wp\/v2\/types\/post"}],"author":[{"embeddable":true,"href":"https:\/\/comunicacion.umh.es\/ca\/wp-json\/wp\/v2\/users\/2693"}],"replies":[{"embeddable":true,"href":"https:\/\/comunicacion.umh.es\/ca\/wp-json\/wp\/v2\/comments?post=192077"}],"version-history":[{"count":0,"href":"https:\/\/comunicacion.umh.es\/ca\/wp-json\/wp\/v2\/posts\/192077\/revisions"}],"wp:attachment":[{"href":"https:\/\/comunicacion.umh.es\/ca\/wp-json\/wp\/v2\/media?parent=192077"}],"wp:term":[{"taxonomy":"category","embeddable":true,"href":"https:\/\/comunicacion.umh.es\/ca\/wp-json\/wp\/v2\/categories?post=192077"},{"taxonomy":"post_tag","embeddable":true,"href":"https:\/\/comunicacion.umh.es\/ca\/wp-json\/wp\/v2\/tags?post=192077"}],"curies":[{"name":"wp","href":"https:\/\/api.w.org\/{rel}","templated":true}]}}