{"id":193550,"date":"2026-03-10T10:12:15","date_gmt":"2026-03-10T09:12:15","guid":{"rendered":"https:\/\/comunicacion.umh.es\/?p=193550"},"modified":"2026-03-11T09:24:50","modified_gmt":"2026-03-11T08:24:50","slug":"la-umh-obtiene-financiacion-europea-para-liderar-un-proyecto-pionero-en-la-prevencion-del-abuso-sexual-infantil-en-entornos-digitales","status":"publish","type":"post","link":"https:\/\/comunicacion.umh.es\/ca\/2026\/03\/10\/la-umh-obtiene-financiacion-europea-para-liderar-un-proyecto-pionero-en-la-prevencion-del-abuso-sexual-infantil-en-entornos-digitales\/","title":{"rendered":"La UMH obt\u00e9 finan\u00e7ament europeu per a liderar un projecte pioner en la prevenci\u00f3 de l\u2019ab\u00fas sexual infantil en entorns digitals"},"content":{"rendered":"<p><\/p>\n<p style=\"text-align: justify\"><span style=\"font-weight: 400\">Dins del marc de la Convocat\u00f2ria Erasmus&nbsp;+ 2025, Acci\u00f3 Clau 2 (KA220-ADU), la Universitat Miguel Hern\u00e1ndez d\u2019Elx (UMH) ha rebut una subvenci\u00f3 de 250.000 euros per al desenvolupament del projecte europeu Prevenci\u00f3 de l\u2019ab\u00fas sexual infantil assistit per tecnologia mitjan\u00e7ant l\u2019educaci\u00f3 digital (ProtectED), cofinan\u00e7at per la Comissi\u00f3 Europea, a trav\u00e9s del Servei Espanyol per a la Internacionalitzaci\u00f3 de l\u2019Educaci\u00f3 (SEPIE). El projecte est\u00e0 coordinat per la UMH i dirigit per l\u2019investigador principal i director de la unitat de Psicologia Forense del Centre de Psicologia Aplicada, David Pineda.<\/span><!--more--><\/p>\n<p style=\"text-align: justify\"><span style=\"font-weight: 400\"><a href=\"https:\/\/comunicacion.umh.es\/files\/2026\/03\/10-03-26-global-financiacion-proyecto-NOT-scaled.jpg\"><img loading=\"lazy\" class=\"size-medium wp-image-193570 alignleft\" src=\"https:\/\/comunicacion.umh.es\/files\/2026\/03\/10-03-26-global-financiacion-proyecto-NOT-300x225.jpg\" alt=\"\" width=\"300\" height=\"225\" srcset=\"https:\/\/comunicacion.umh.es\/files\/2026\/03\/10-03-26-global-financiacion-proyecto-NOT-300x225.jpg 300w, https:\/\/comunicacion.umh.es\/files\/2026\/03\/10-03-26-global-financiacion-proyecto-NOT-1024x768.jpg 1024w, https:\/\/comunicacion.umh.es\/files\/2026\/03\/10-03-26-global-financiacion-proyecto-NOT-768x576.jpg 768w, https:\/\/comunicacion.umh.es\/files\/2026\/03\/10-03-26-global-financiacion-proyecto-NOT-1536x1152.jpg 1536w, https:\/\/comunicacion.umh.es\/files\/2026\/03\/10-03-26-global-financiacion-proyecto-NOT-2048x1536.jpg 2048w\" sizes=\"(max-width: 300px) 100vw, 300px\" \/><\/a>En l\u2019equip investigador participen, tamb\u00e9, el director del centre de Psicologia Aplicada, Jos\u00e9 Antonio Piqueras, i Victoria Soto, tots dos membres del Grup d\u2019Investigaci\u00f3 Consolidat PSYKE-UMH.<\/span><\/p>\n<p style=\"text-align: justify\"><span style=\"font-weight: 400\">ProtectED t\u00e9 com a objectiu desenvolupar la primera plataforma europea d\u2019<\/span><i><span style=\"font-weight: 400\">e-learning<\/span><\/i><span style=\"font-weight: 400\"> adaptatiu, centrada en la prevenci\u00f3 de l\u2019ab\u00fas sexual infantil facilitat per la tecnologia. El projecte combinar\u00e0 evid\u00e8ncia cient\u00edfica, disseny instruccional avan\u00e7at i intel\u00b7lig\u00e8ncia artificial per a oferir formaci\u00f3 especialitzada a pares i mares, docents, tant en actiu com en formaci\u00f3, aix\u00ed com a professionals que treballen amb menors. A trav\u00e9s d\u2019un sistema de personalitzaci\u00f3 intel\u00b7ligent, la plataforma permetr\u00e0 adaptar els continguts a les caracter\u00edstiques, coneixements previs i perfils professionals dels usuaris, amb la finalitat de refor\u00e7ar les seues compet\u00e8ncies preventives i la seua capacitat de detecci\u00f3 i actuaci\u00f3 enfront de riscos en l\u00ednia.<\/span><\/p>\n<p style=\"text-align: justify\"><span style=\"font-weight: 400\">La iniciativa situa la UMH al capdavant d\u2019un consorci internacional comprom\u00e9s amb la protecci\u00f3 de la inf\u00e0ncia en entorns digitals, en el qual tamb\u00e9 participen les entitats Knowledge Dimension SL (Espanya), Paidagogiko Institouto Kyprou (Gr\u00e8cia), Rem\u00e9nyt a Gyermekeknek K\u00f6zhaszn\u00fa Egyes\u00fclet (Hongria), Uclan Cyprus Limited (Xipre) i Xenios Polis (Gr\u00e8cia). En aquest sentit, la UMH acollir\u00e0 l\u201911 i el 12 de mar\u00e7 la reuni\u00f3 de llan\u00e7ament (<\/span><i><span style=\"font-weight: 400\">Kick-off Meeting<\/span><\/i><span style=\"font-weight: 400\">) del projecte, en la qual han participat representants de les sis entitats s\u00f2cies. Durant aquesta trobada, es coordinaran les primeres fases d\u2019implementaci\u00f3, que inclouen el desenvolupament dels materials formatius, l\u2019arquitectura tecnol\u00f2gica de la plataforma, el disseny del sistema de classificaci\u00f3 intel\u00b7ligent d\u2019usuaris i les estrat\u00e8gies de pilotatge i transfer\u00e8ncia en el context europeu.<\/span><\/p>\n<p style=\"text-align: justify\"><span style=\"font-weight: 400\">El projecte aposta per una aproximaci\u00f3 basada en l\u2019evid\u00e8ncia cient\u00edfica i l\u2019\u00fas de tecnologies intel\u00b7ligents per a millorar l\u2019alfabetitzaci\u00f3 digital preventiva i refor\u00e7ar les capacitats europees enfront dels riscos en l\u00ednia que afecten la inf\u00e0ncia. La concessi\u00f3 d\u2019aquest finan\u00e7ament i la celebraci\u00f3 de la reuni\u00f3 de llan\u00e7ament en la UMH reforcen el comprom\u00eds de la Universitat amb la investigaci\u00f3 aplicada d\u2019impacte social, la cooperaci\u00f3 internacional i la protecci\u00f3 del benestar infantil en entorns digitals.<\/span><\/p>\n<p><\/p>","protected":false},"excerpt":{"rendered":"<p>Dins del marc de la Convocat\u00f2ria Erasmus&nbsp;+ 2025, Acci\u00f3 Clau 2 (KA220-ADU), la Universitat Miguel Hern\u00e1ndez d\u2019Elx (UMH) ha rebut una subvenci\u00f3 de 250.000 euros per al desenvolupament del projecte europeu Prevenci\u00f3 de l\u2019ab\u00fas sexual infantil assistit per tecnologia mitjan\u00e7ant l\u2019educaci\u00f3 digital (ProtectED), cofinan\u00e7at per la Comissi\u00f3 Europea, a trav\u00e9s del Servei Espanyol per a [&#8230;]<\/p>\n","protected":false},"author":32202,"featured_media":0,"comment_status":"closed","ping_status":"open","sticky":false,"template":"","format":"standard","meta":{"ngg_post_thumbnail":0,"_links_to":"","_links_to_target":""},"categories":[43],"tags":[],"_links":{"self":[{"href":"https:\/\/comunicacion.umh.es\/ca\/wp-json\/wp\/v2\/posts\/193550"}],"collection":[{"href":"https:\/\/comunicacion.umh.es\/ca\/wp-json\/wp\/v2\/posts"}],"about":[{"href":"https:\/\/comunicacion.umh.es\/ca\/wp-json\/wp\/v2\/types\/post"}],"author":[{"embeddable":true,"href":"https:\/\/comunicacion.umh.es\/ca\/wp-json\/wp\/v2\/users\/32202"}],"replies":[{"embeddable":true,"href":"https:\/\/comunicacion.umh.es\/ca\/wp-json\/wp\/v2\/comments?post=193550"}],"version-history":[{"count":0,"href":"https:\/\/comunicacion.umh.es\/ca\/wp-json\/wp\/v2\/posts\/193550\/revisions"}],"wp:attachment":[{"href":"https:\/\/comunicacion.umh.es\/ca\/wp-json\/wp\/v2\/media?parent=193550"}],"wp:term":[{"taxonomy":"category","embeddable":true,"href":"https:\/\/comunicacion.umh.es\/ca\/wp-json\/wp\/v2\/categories?post=193550"},{"taxonomy":"post_tag","embeddable":true,"href":"https:\/\/comunicacion.umh.es\/ca\/wp-json\/wp\/v2\/tags?post=193550"}],"curies":[{"name":"wp","href":"https:\/\/api.w.org\/{rel}","templated":true}]}}