{"id":198090,"date":"2026-09-03T09:19:01","date_gmt":"2026-09-03T07:19:01","guid":{"rendered":"https:\/\/comunicacion.umh.es\/?p=198090"},"modified":"2026-09-03T09:19:01","modified_gmt":"2026-09-03T07:19:01","slug":"la-empresa-callnak-del-pcumh-recibe-el-premio-a-la-marca-emergente-con-mayor-proyeccion-de-2026-en-el-formnext-asia-shenzhen","status":"publish","type":"post","link":"https:\/\/comunicacion.umh.es\/ca\/2026\/09\/03\/la-empresa-callnak-del-pcumh-recibe-el-premio-a-la-marca-emergente-con-mayor-proyeccion-de-2026-en-el-formnext-asia-shenzhen\/","title":{"rendered":"<span lang=\"es\">(Espa\u00f1ol) La empresa Callnak del PCUMH recibe el premio a la marca emergente con mayor proyecci\u00f3n de 2026 en el Formnext Asia Shenzhen<\/span>"},"content":{"rendered":"<p class=\"qtranxs-available-languages-message qtranxs-available-languages-message-ca\">Ho sent, per\u00f2 aquesta entrada nom\u00e9s est\u00e0 disponible en <a href=\"https:\/\/comunicacion.umh.es\/es\/wp-json\/wp\/v2\/posts\/198090\" class=\"qtranxs-available-language-link qtranxs-available-language-link-es\" title=\"Espa\u00f1ol\">Espanyol Europeu<\/a>.<\/p>","protected":false},"excerpt":{"rendered":"<p>Ho sent, per\u00f2 aquesta entrada nom\u00e9s est\u00e0 disponible en Espanyol Europeu.<\/p>\n","protected":false},"author":32787,"featured_media":0,"comment_status":"closed","ping_status":"open","sticky":false,"template":"","format":"standard","meta":{"ngg_post_thumbnail":0,"_links_to":"","_links_to_target":""},"categories":[43],"tags":[],"_links":{"self":[{"href":"https:\/\/comunicacion.umh.es\/ca\/wp-json\/wp\/v2\/posts\/198090"}],"collection":[{"href":"https:\/\/comunicacion.umh.es\/ca\/wp-json\/wp\/v2\/posts"}],"about":[{"href":"https:\/\/comunicacion.umh.es\/ca\/wp-json\/wp\/v2\/types\/post"}],"author":[{"embeddable":true,"href":"https:\/\/comunicacion.umh.es\/ca\/wp-json\/wp\/v2\/users\/32787"}],"replies":[{"embeddable":true,"href":"https:\/\/comunicacion.umh.es\/ca\/wp-json\/wp\/v2\/comments?post=198090"}],"version-history":[{"count":0,"href":"https:\/\/comunicacion.umh.es\/ca\/wp-json\/wp\/v2\/posts\/198090\/revisions"}],"wp:attachment":[{"href":"https:\/\/comunicacion.umh.es\/ca\/wp-json\/wp\/v2\/media?parent=198090"}],"wp:term":[{"taxonomy":"category","embeddable":true,"href":"https:\/\/comunicacion.umh.es\/ca\/wp-json\/wp\/v2\/categories?post=198090"},{"taxonomy":"post_tag","embeddable":true,"href":"https:\/\/comunicacion.umh.es\/ca\/wp-json\/wp\/v2\/tags?post=198090"}],"curies":[{"name":"wp","href":"https:\/\/api.w.org\/{rel}","templated":true}]}}