{"id":37523,"date":"2010-06-01T00:00:00","date_gmt":"2010-05-31T22:00:00","guid":{"rendered":"http:\/\/comunicacion.umh.es\/2010\/06\/01 00:00:00\/la-umh-celebra-el-dia-de-la-poesia-con-una-lectura-de-poemas-y-audicion-a-cargo-de-eduard-v-agullo-y-alla-penkina\/"},"modified":"-0001-11-30T00:00:00","modified_gmt":"-0001-11-29T22:00:00","slug":"la-umh-celebra-el-dia-de-la-poesia-con-una-lectura-de-poemas-y-audicion-a-cargo-de-eduard-v-agullo-y-alla-penkina","status":"publish","type":"post","link":"https:\/\/comunicacion.umh.es\/ca\/2010\/06\/01\/la-umh-celebra-el-dia-de-la-poesia-con-una-lectura-de-poemas-y-audicion-a-cargo-de-eduard-v-agullo-y-alla-penkina\/","title":{"rendered":"<span lang=\"es\">(Espa\u00f1ol) La UMH celebra el D\u00eda de la Poes\u00eda con una lectura de poemas y audici\u00f3n a cargo de Eduard V. Agull\u00f3 y Alla Penkina<\/span>"},"content":{"rendered":"<p class=\"qtranxs-available-languages-message qtranxs-available-languages-message-ca\">Ho sent, per\u00f2 aquesta entrada nom\u00e9s est\u00e0 disponible en <a href=\"https:\/\/comunicacion.umh.es\/es\/wp-json\/wp\/v2\/posts\/37523\" class=\"qtranxs-available-language-link qtranxs-available-language-link-es\" title=\"Espa\u00f1ol\">Espanyol Europeu<\/a>.<\/p>","protected":false},"excerpt":{"rendered":"<p>Ho sent, per\u00f2 aquesta entrada nom\u00e9s est\u00e0 disponible en Espanyol Europeu.<\/p>\n","protected":false},"author":1,"featured_media":0,"comment_status":"open","ping_status":"open","sticky":false,"template":"","format":"standard","meta":{"ngg_post_thumbnail":0,"_links_to":"","_links_to_target":""},"categories":[43],"tags":[],"_links":{"self":[{"href":"https:\/\/comunicacion.umh.es\/ca\/wp-json\/wp\/v2\/posts\/37523"}],"collection":[{"href":"https:\/\/comunicacion.umh.es\/ca\/wp-json\/wp\/v2\/posts"}],"about":[{"href":"https:\/\/comunicacion.umh.es\/ca\/wp-json\/wp\/v2\/types\/post"}],"author":[{"embeddable":true,"href":"https:\/\/comunicacion.umh.es\/ca\/wp-json\/wp\/v2\/users\/1"}],"replies":[{"embeddable":true,"href":"https:\/\/comunicacion.umh.es\/ca\/wp-json\/wp\/v2\/comments?post=37523"}],"version-history":[{"count":0,"href":"https:\/\/comunicacion.umh.es\/ca\/wp-json\/wp\/v2\/posts\/37523\/revisions"}],"wp:attachment":[{"href":"https:\/\/comunicacion.umh.es\/ca\/wp-json\/wp\/v2\/media?parent=37523"}],"wp:term":[{"taxonomy":"category","embeddable":true,"href":"https:\/\/comunicacion.umh.es\/ca\/wp-json\/wp\/v2\/categories?post=37523"},{"taxonomy":"post_tag","embeddable":true,"href":"https:\/\/comunicacion.umh.es\/ca\/wp-json\/wp\/v2\/tags?post=37523"}],"curies":[{"name":"wp","href":"https:\/\/api.w.org\/{rel}","templated":true}]}}