{"id":45466,"date":"2011-02-07T00:00:00","date_gmt":"2011-02-06T23:00:00","guid":{"rendered":"http:\/\/comunicacion.umh.es\/2011\/02\/07 00:00:00\/las-empresas-synergia-bio-s-l-y-sweet-up-se-incorporan-al-parque-cientifico-y-empresarial-de-la-umh\/"},"modified":"-0001-11-30T00:00:00","modified_gmt":"-0001-11-29T22:00:00","slug":"las-empresas-synergia-bio-s-l-y-sweet-up-se-incorporan-al-parque-cientifico-y-empresarial-de-la-umh","status":"publish","type":"post","link":"https:\/\/comunicacion.umh.es\/ca\/2011\/02\/07\/las-empresas-synergia-bio-s-l-y-sweet-up-se-incorporan-al-parque-cientifico-y-empresarial-de-la-umh\/","title":{"rendered":"<span lang=\"es\">(Espa\u00f1ol) Las empresas Synergia Bio S.L. y Sweet Up se incorporan al Parque Cient\u00edfico y Empresarial de la UMH<\/span>"},"content":{"rendered":"<p class=\"qtranxs-available-languages-message qtranxs-available-languages-message-ca\">Ho sent, per\u00f2 aquesta entrada nom\u00e9s est\u00e0 disponible en <a href=\"https:\/\/comunicacion.umh.es\/es\/wp-json\/wp\/v2\/posts\/45466\" class=\"qtranxs-available-language-link qtranxs-available-language-link-es\" title=\"Espa\u00f1ol\">Espanyol Europeu<\/a>.<\/p>","protected":false},"excerpt":{"rendered":"<p>Ho sent, per\u00f2 aquesta entrada nom\u00e9s est\u00e0 disponible en Espanyol Europeu.<\/p>\n","protected":false},"author":1,"featured_media":0,"comment_status":"open","ping_status":"open","sticky":false,"template":"","format":"standard","meta":{"ngg_post_thumbnail":0,"_links_to":"","_links_to_target":""},"categories":[43],"tags":[],"_links":{"self":[{"href":"https:\/\/comunicacion.umh.es\/ca\/wp-json\/wp\/v2\/posts\/45466"}],"collection":[{"href":"https:\/\/comunicacion.umh.es\/ca\/wp-json\/wp\/v2\/posts"}],"about":[{"href":"https:\/\/comunicacion.umh.es\/ca\/wp-json\/wp\/v2\/types\/post"}],"author":[{"embeddable":true,"href":"https:\/\/comunicacion.umh.es\/ca\/wp-json\/wp\/v2\/users\/1"}],"replies":[{"embeddable":true,"href":"https:\/\/comunicacion.umh.es\/ca\/wp-json\/wp\/v2\/comments?post=45466"}],"version-history":[{"count":0,"href":"https:\/\/comunicacion.umh.es\/ca\/wp-json\/wp\/v2\/posts\/45466\/revisions"}],"wp:attachment":[{"href":"https:\/\/comunicacion.umh.es\/ca\/wp-json\/wp\/v2\/media?parent=45466"}],"wp:term":[{"taxonomy":"category","embeddable":true,"href":"https:\/\/comunicacion.umh.es\/ca\/wp-json\/wp\/v2\/categories?post=45466"},{"taxonomy":"post_tag","embeddable":true,"href":"https:\/\/comunicacion.umh.es\/ca\/wp-json\/wp\/v2\/tags?post=45466"}],"curies":[{"name":"wp","href":"https:\/\/api.w.org\/{rel}","templated":true}]}}