{"id":50964,"date":"2012-05-09T13:32:15","date_gmt":"2012-05-09T11:32:15","guid":{"rendered":"http:\/\/comunicacion.umh.es\/2012\/05\/09\/el-parque-cientifico-de-la-umh-reune-a-investigadores-europeos-que-trabajan-en-un-proyecto-de-eliminacion-de-residuos-espaciales\/"},"modified":"2012-05-09T14:02:27","modified_gmt":"2012-05-09T12:02:27","slug":"el-parque-cientifico-de-la-umh-reune-a-investigadores-europeos-que-trabajan-en-un-proyecto-de-eliminacion-de-residuos-espaciales","status":"publish","type":"post","link":"https:\/\/comunicacion.umh.es\/ca\/2012\/05\/09\/el-parque-cientifico-de-la-umh-reune-a-investigadores-europeos-que-trabajan-en-un-proyecto-de-eliminacion-de-residuos-espaciales\/","title":{"rendered":"<span lang=\"es\">(Espa\u00f1ol) El Parque Cient\u00edfico de la UMH re\u00fane a investigadores europeos que trabajan en un proyecto de eliminaci\u00f3n de residuos espaciales<\/span>"},"content":{"rendered":"<p><\/p>\n<p><!--more--><\/p>\n<p><\/p>","protected":false},"excerpt":{"rendered":"","protected":false},"author":1773,"featured_media":0,"comment_status":"closed","ping_status":"open","sticky":false,"template":"","format":"standard","meta":{"ngg_post_thumbnail":0,"_links_to":"","_links_to_target":""},"categories":[770,69,2782,191,2786,43,2778],"tags":[],"_links":{"self":[{"href":"https:\/\/comunicacion.umh.es\/ca\/wp-json\/wp\/v2\/posts\/50964"}],"collection":[{"href":"https:\/\/comunicacion.umh.es\/ca\/wp-json\/wp\/v2\/posts"}],"about":[{"href":"https:\/\/comunicacion.umh.es\/ca\/wp-json\/wp\/v2\/types\/post"}],"author":[{"embeddable":true,"href":"https:\/\/comunicacion.umh.es\/ca\/wp-json\/wp\/v2\/users\/1773"}],"replies":[{"embeddable":true,"href":"https:\/\/comunicacion.umh.es\/ca\/wp-json\/wp\/v2\/comments?post=50964"}],"version-history":[{"count":0,"href":"https:\/\/comunicacion.umh.es\/ca\/wp-json\/wp\/v2\/posts\/50964\/revisions"}],"wp:attachment":[{"href":"https:\/\/comunicacion.umh.es\/ca\/wp-json\/wp\/v2\/media?parent=50964"}],"wp:term":[{"taxonomy":"category","embeddable":true,"href":"https:\/\/comunicacion.umh.es\/ca\/wp-json\/wp\/v2\/categories?post=50964"},{"taxonomy":"post_tag","embeddable":true,"href":"https:\/\/comunicacion.umh.es\/ca\/wp-json\/wp\/v2\/tags?post=50964"}],"curies":[{"name":"wp","href":"https:\/\/api.w.org\/{rel}","templated":true}]}}