{"id":51053,"date":"2012-05-10T14:00:03","date_gmt":"2012-05-10T12:00:03","guid":{"rendered":"http:\/\/comunicacion.umh.es\/2012\/05\/10\/la-umh-acoge-la-graduacion-de-la-ix-promocion-de-licenciados-en-farmacia\/"},"modified":"2012-05-10T14:05:44","modified_gmt":"2012-05-10T12:05:44","slug":"la-umh-acoge-la-graduacion-de-la-ix-promocion-de-licenciados-en-farmacia","status":"publish","type":"post","link":"https:\/\/comunicacion.umh.es\/ca\/2012\/05\/10\/la-umh-acoge-la-graduacion-de-la-ix-promocion-de-licenciados-en-farmacia\/","title":{"rendered":"<span lang=\"es\">(Espa\u00f1ol) La UMH acoge la graduaci\u00f3n de la IX Promoci\u00f3n de licenciados en Farmacia<\/span>"},"content":{"rendered":"<p><\/p>\n<p><!--more--><\/p>\n<p><\/p>","protected":false},"excerpt":{"rendered":"","protected":false},"author":1773,"featured_media":0,"comment_status":"closed","ping_status":"open","sticky":false,"template":"","format":"standard","meta":{"ngg_post_thumbnail":0,"_links_to":"","_links_to_target":""},"categories":[2477,770,69,2789,2782,43],"tags":[],"_links":{"self":[{"href":"https:\/\/comunicacion.umh.es\/ca\/wp-json\/wp\/v2\/posts\/51053"}],"collection":[{"href":"https:\/\/comunicacion.umh.es\/ca\/wp-json\/wp\/v2\/posts"}],"about":[{"href":"https:\/\/comunicacion.umh.es\/ca\/wp-json\/wp\/v2\/types\/post"}],"author":[{"embeddable":true,"href":"https:\/\/comunicacion.umh.es\/ca\/wp-json\/wp\/v2\/users\/1773"}],"replies":[{"embeddable":true,"href":"https:\/\/comunicacion.umh.es\/ca\/wp-json\/wp\/v2\/comments?post=51053"}],"version-history":[{"count":0,"href":"https:\/\/comunicacion.umh.es\/ca\/wp-json\/wp\/v2\/posts\/51053\/revisions"}],"wp:attachment":[{"href":"https:\/\/comunicacion.umh.es\/ca\/wp-json\/wp\/v2\/media?parent=51053"}],"wp:term":[{"taxonomy":"category","embeddable":true,"href":"https:\/\/comunicacion.umh.es\/ca\/wp-json\/wp\/v2\/categories?post=51053"},{"taxonomy":"post_tag","embeddable":true,"href":"https:\/\/comunicacion.umh.es\/ca\/wp-json\/wp\/v2\/tags?post=51053"}],"curies":[{"name":"wp","href":"https:\/\/api.w.org\/{rel}","templated":true}]}}