{"id":51274,"date":"2012-05-15T13:52:11","date_gmt":"2012-05-15T11:52:11","guid":{"rendered":"http:\/\/comunicacion.umh.es\/?p=51274"},"modified":"2012-05-15T13:53:46","modified_gmt":"2012-05-15T11:53:46","slug":"profesores-y-estudiantes-de-justicia-criminal-de-la-universidad-de-texas-se-reunen-con-los-integrantes-del-centro-crimina-de-la-umh","status":"publish","type":"post","link":"https:\/\/comunicacion.umh.es\/ca\/2012\/05\/15\/profesores-y-estudiantes-de-justicia-criminal-de-la-universidad-de-texas-se-reunen-con-los-integrantes-del-centro-crimina-de-la-umh\/","title":{"rendered":"<span lang=\"es\">(Espa\u00f1ol) Profesores y estudiantes de Justicia Criminal de la Universidad de Texas se re\u00fanen con los integrantes del Centro Cr\u00edmina de la UMH<\/span>"},"content":{"rendered":"<p><\/p>\n<p><p><!--more--><\/p>\n<\/p>\n<p><\/p>","protected":false},"excerpt":{"rendered":"","protected":false},"author":1772,"featured_media":0,"comment_status":"closed","ping_status":"open","sticky":false,"template":"","format":"standard","meta":{"ngg_post_thumbnail":0,"_links_to":"","_links_to_target":""},"categories":[2477,770,69,2783,43,2778,2781,2777,2787,2420],"tags":[],"_links":{"self":[{"href":"https:\/\/comunicacion.umh.es\/ca\/wp-json\/wp\/v2\/posts\/51274"}],"collection":[{"href":"https:\/\/comunicacion.umh.es\/ca\/wp-json\/wp\/v2\/posts"}],"about":[{"href":"https:\/\/comunicacion.umh.es\/ca\/wp-json\/wp\/v2\/types\/post"}],"author":[{"embeddable":true,"href":"https:\/\/comunicacion.umh.es\/ca\/wp-json\/wp\/v2\/users\/1772"}],"replies":[{"embeddable":true,"href":"https:\/\/comunicacion.umh.es\/ca\/wp-json\/wp\/v2\/comments?post=51274"}],"version-history":[{"count":0,"href":"https:\/\/comunicacion.umh.es\/ca\/wp-json\/wp\/v2\/posts\/51274\/revisions"}],"wp:attachment":[{"href":"https:\/\/comunicacion.umh.es\/ca\/wp-json\/wp\/v2\/media?parent=51274"}],"wp:term":[{"taxonomy":"category","embeddable":true,"href":"https:\/\/comunicacion.umh.es\/ca\/wp-json\/wp\/v2\/categories?post=51274"},{"taxonomy":"post_tag","embeddable":true,"href":"https:\/\/comunicacion.umh.es\/ca\/wp-json\/wp\/v2\/tags?post=51274"}],"curies":[{"name":"wp","href":"https:\/\/api.w.org\/{rel}","templated":true}]}}