{"id":51421,"date":"2012-05-17T13:53:05","date_gmt":"2012-05-17T11:53:05","guid":{"rendered":"http:\/\/comunicacion.umh.es\/2012\/05\/17\/la-umh-imparte-el-seminario-%e2%80%9cdesarrollos-recientes-en-metabolomica-de-alzheimer-y-foodomica-del-cancer-de-colon%e2%80%9d\/"},"modified":"2012-05-17T13:53:05","modified_gmt":"2012-05-17T11:53:05","slug":"la-umh-imparte-el-seminario-%e2%80%9cdesarrollos-recientes-en-metabolomica-de-alzheimer-y-foodomica-del-cancer-de-colon%e2%80%9d","status":"publish","type":"post","link":"https:\/\/comunicacion.umh.es\/ca\/2012\/05\/17\/la-umh-imparte-el-seminario-%e2%80%9cdesarrollos-recientes-en-metabolomica-de-alzheimer-y-foodomica-del-cancer-de-colon%e2%80%9d\/","title":{"rendered":"<span lang=\"es\">(Espa\u00f1ol) La UMH imparte el seminario \u201cDesarrollos recientes en metabol\u00f3mica de Alzheimer y food\u00f3mica del c\u00e1ncer de colon\u201d<\/span>"},"content":{"rendered":"<p class=\"qtranxs-available-languages-message qtranxs-available-languages-message-ca\">Ho sent, per\u00f2 aquesta entrada nom\u00e9s est\u00e0 disponible en <a href=\"https:\/\/comunicacion.umh.es\/es\/wp-json\/wp\/v2\/posts\/51421\" class=\"qtranxs-available-language-link qtranxs-available-language-link-es\" title=\"Espa\u00f1ol\">Espanyol Europeu<\/a>.<\/p>","protected":false},"excerpt":{"rendered":"<p>Ho sent, per\u00f2 aquesta entrada nom\u00e9s est\u00e0 disponible en Espanyol Europeu.<\/p>\n","protected":false},"author":1772,"featured_media":0,"comment_status":"closed","ping_status":"open","sticky":false,"template":"","format":"standard","meta":{"ngg_post_thumbnail":0,"_links_to":"","_links_to_target":""},"categories":[69,2782,191,43,2778,2787,2420],"tags":[],"_links":{"self":[{"href":"https:\/\/comunicacion.umh.es\/ca\/wp-json\/wp\/v2\/posts\/51421"}],"collection":[{"href":"https:\/\/comunicacion.umh.es\/ca\/wp-json\/wp\/v2\/posts"}],"about":[{"href":"https:\/\/comunicacion.umh.es\/ca\/wp-json\/wp\/v2\/types\/post"}],"author":[{"embeddable":true,"href":"https:\/\/comunicacion.umh.es\/ca\/wp-json\/wp\/v2\/users\/1772"}],"replies":[{"embeddable":true,"href":"https:\/\/comunicacion.umh.es\/ca\/wp-json\/wp\/v2\/comments?post=51421"}],"version-history":[{"count":0,"href":"https:\/\/comunicacion.umh.es\/ca\/wp-json\/wp\/v2\/posts\/51421\/revisions"}],"wp:attachment":[{"href":"https:\/\/comunicacion.umh.es\/ca\/wp-json\/wp\/v2\/media?parent=51421"}],"wp:term":[{"taxonomy":"category","embeddable":true,"href":"https:\/\/comunicacion.umh.es\/ca\/wp-json\/wp\/v2\/categories?post=51421"},{"taxonomy":"post_tag","embeddable":true,"href":"https:\/\/comunicacion.umh.es\/ca\/wp-json\/wp\/v2\/tags?post=51421"}],"curies":[{"name":"wp","href":"https:\/\/api.w.org\/{rel}","templated":true}]}}